{"id":74027,"date":"2024-02-13T13:06:48","date_gmt":"2024-02-13T19:06:48","guid":{"rendered":"https:\/\/interaccionnoticias.com.mx\/?p=74027"},"modified":"2024-02-13T13:06:50","modified_gmt":"2024-02-13T19:06:50","slug":"gobernadora-de-guerrero-condena-los-ataques-contra-transportistas","status":"publish","type":"post","link":"https:\/\/www.interaccionnoticias.com.mx\/?p=74027","title":{"rendered":"Gobernadora de Guerrero condena los ataques contra transportistas"},"content":{"rendered":"\n<p><strong><em>&#8212; Solicita a la FGE dar con responsables de los hechos registrados desde la semana pasada<br>&#8212; Llama a municipios y Federaci\u00f3n a cerrar filas contra la inseguridad<br>&#8212; \u201cLa impunidad es la madre de la injusticia\u201d, advierte<\/em><\/strong><\/p>\n\n\n\n<p><strong>Jes\u00fas Dorantes<\/strong><\/p>\n\n\n\n<p><strong>Chilpancingo, Gro.<\/strong> La gobernadora Evelyn Salgado Pineda conden\u00f3 los ataques perpetrados en contra de los trabajadores del transporte p\u00fablico en la capital del estado, por lo que anticip\u00f3 que se van a sumar cien elementos a los operativos de seguridad que se pusieron en marcha desde la semana pasada.<\/p>\n\n\n\n<p>Hasta el cierre de la semana pasada, el Gobierno de Guerrero confirm\u00f3 que se ten\u00eda en marcha un operativo impulsado por 500 elementos de diferentes corporaciones, entre Polic\u00eda del Estado, Guardia Nacional y Ej\u00e9rcito Mexicano.<\/p>\n\n\n\n<p>Con los cien elementos adicionales anunciados por la titular del Ejecutivo local, la fuerza polic\u00edaca y militar constar\u00eda de 600 integrantes.<\/p>\n\n\n\n<p>Este martes 13 de febrero, la gobernadora Salgado Pineda emiti\u00f3 un comunicado en el que plantea que habr\u00e1 justicia para las v\u00edctimas, de los ataques.<\/p>\n\n\n\n<p>\u201cCondeno en\u00e9rgicamente el ataque registrado la noche de ayer en Chilpancingo, hecho que lamento y por el que pronuncio mi solidaridad con las familias de las v\u00edctimas, as\u00ed como el compromiso de justicia y de no impunidad ante esta agresi\u00f3n\u201d.<\/p>\n\n\n\n<p>La solidaridad la hizo extensiva hacia las familias de quienes fueron atacados el lunes 5 de febrero.<\/p>\n\n\n\n<p>Hizo un exhorto a la Fiscal\u00eda General del Estado (FGE), que encabeza la Teniente Coronel Sandra Luz Valdovinos Salmer\u00f3n, para que se obtengan resultados en la investigaci\u00f3n sobre las agresiones que se han cometido en contra de trabajadores del volante.<\/p>\n\n\n\n<p>\u201cA la Fiscal\u00eda General del Estado (FGE), le urg\u00ed respetuosamente la investigaci\u00f3n y el esclarecimiento de estos hechos, as\u00ed como de todos los anteriores en los que hayan sufrido agresiones los compa\u00f1eros transportistas\u201d, anot\u00f3.<\/p>\n\n\n\n<p>Advirti\u00f3 que cuando no existen resultados se llega a la impunidad, la cual asegura, es la madre de la injusticia, por lo que&nbsp; lo que tambi\u00e9n se\u00f1ala&nbsp; que es una obligaci\u00f3n ineludible de las autoridades entregar resultados.<\/p>\n\n\n\n<p>El exhorto tambi\u00e9n va dirigido hacia los municipios y la federaci\u00f3n para cerrar filas ante la situaci\u00f3n que se vive en la entidad, con el planteamiento de que cada quien cumpla con sus lo que demanda la ciudadan\u00eda.<\/p>\n\n\n\n<p>\u201cLos Municipios, el Estado y la Federaci\u00f3n debemos cerrar filas y asumir con mayor compromiso cada \u00e1mbito de nuestras responsabilidades, para lograr los resultados planteados en esta tarea prioritaria\u201d, apunt\u00f3.<\/p>\n\n\n\n<div class=\"wp-block-jetpack-slideshow aligncenter\" data-effect=\"slide\"><div class=\"wp-block-jetpack-slideshow_container swiper-container\"><ul class=\"wp-block-jetpack-slideshow_swiper-wrapper swiper-wrapper\"><li class=\"wp-block-jetpack-slideshow_slide swiper-slide\"><figure><img decoding=\"async\" src=\"data:image\/gif;base64,R0lGODlhAQABAIAAAAAAAP\/\/\/ywAAAAAAQABAAACAUwAOw==\" fifu-lazy=\"1\" fifu-data-sizes=\"auto\" fifu-data-srcset=\"https:\/\/i3.wp.com\/interaccionnoticias.com.mx\/wp-content\/uploads\/2024\/02\/240213-Evelyn-Salgado-Comunicado-1-747x1024.jpeg?ssl=1&w=75&resize=75&ssl=1 75w, https:\/\/i3.wp.com\/interaccionnoticias.com.mx\/wp-content\/uploads\/2024\/02\/240213-Evelyn-Salgado-Comunicado-1-747x1024.jpeg?ssl=1&w=100&resize=100&ssl=1 100w, https:\/\/i3.wp.com\/interaccionnoticias.com.mx\/wp-content\/uploads\/2024\/02\/240213-Evelyn-Salgado-Comunicado-1-747x1024.jpeg?ssl=1&w=150&resize=150&ssl=1 150w, https:\/\/i3.wp.com\/interaccionnoticias.com.mx\/wp-content\/uploads\/2024\/02\/240213-Evelyn-Salgado-Comunicado-1-747x1024.jpeg?ssl=1&w=240&resize=240&ssl=1 240w, https:\/\/i3.wp.com\/interaccionnoticias.com.mx\/wp-content\/uploads\/2024\/02\/240213-Evelyn-Salgado-Comunicado-1-747x1024.jpeg?ssl=1&w=320&resize=320&ssl=1 320w, https:\/\/i3.wp.com\/interaccionnoticias.com.mx\/wp-content\/uploads\/2024\/02\/240213-Evelyn-Salgado-Comunicado-1-747x1024.jpeg?ssl=1&w=500&resize=500&ssl=1 500w, https:\/\/i3.wp.com\/interaccionnoticias.com.mx\/wp-content\/uploads\/2024\/02\/240213-Evelyn-Salgado-Comunicado-1-747x1024.jpeg?ssl=1&w=640&resize=640&ssl=1 640w, https:\/\/i3.wp.com\/interaccionnoticias.com.mx\/wp-content\/uploads\/2024\/02\/240213-Evelyn-Salgado-Comunicado-1-747x1024.jpeg?ssl=1&w=800&resize=800&ssl=1 800w, https:\/\/i3.wp.com\/interaccionnoticias.com.mx\/wp-content\/uploads\/2024\/02\/240213-Evelyn-Salgado-Comunicado-1-747x1024.jpeg?ssl=1&w=1024&resize=1024&ssl=1 1024w, https:\/\/i3.wp.com\/interaccionnoticias.com.mx\/wp-content\/uploads\/2024\/02\/240213-Evelyn-Salgado-Comunicado-1-747x1024.jpeg?ssl=1&w=1280&resize=1280&ssl=1 1280w, https:\/\/i3.wp.com\/interaccionnoticias.com.mx\/wp-content\/uploads\/2024\/02\/240213-Evelyn-Salgado-Comunicado-1-747x1024.jpeg?ssl=1&w=1600&resize=1600&ssl=1 1600w\" alt=\"\" class=\"wp-block-jetpack-slideshow_image wp-image-74028\" data-id=\"74028\" fifu-data-src=\"https:\/\/i3.wp.com\/interaccionnoticias.com.mx\/wp-content\/uploads\/2024\/02\/240213-Evelyn-Salgado-Comunicado-1-747x1024.jpeg?ssl=1\"\/><\/figure><\/li><\/ul><a class=\"wp-block-jetpack-slideshow_button-prev swiper-button-prev swiper-button-white\" role=\"button\"><\/a><a class=\"wp-block-jetpack-slideshow_button-next swiper-button-next swiper-button-white\" role=\"button\"><\/a><a aria-label=\"Pause Slideshow\" class=\"wp-block-jetpack-slideshow_button-pause\" role=\"button\"><\/a><div class=\"wp-block-jetpack-slideshow_pagination swiper-pagination swiper-pagination-white\"><\/div><\/div><\/div>\n","protected":false},"excerpt":{"rendered":"<p>&#8212; Solicita a la FGE dar con responsables de los hechos registrados desde la semana pasada&#8212; Llama a municipios y Federaci\u00f3n a cerrar filas contra la inseguridad&#8212; \u201cLa impunidad es&hellip; <\/p>\n","protected":false},"author":8,"featured_media":74029,"comment_status":"open","ping_status":"open","sticky":false,"template":"","format":"standard","meta":{"fifu_image_url":"","fifu_image_alt":"","footnotes":""},"categories":[11],"tags":[],"class_list":["post-74027","post","type-post","status-publish","format-standard","has-post-thumbnail","hentry","category-guerrero"],"_links":{"self":[{"href":"https:\/\/www.interaccionnoticias.com.mx\/index.php?rest_route=\/wp\/v2\/posts\/74027","targetHints":{"allow":["GET"]}}],"collection":[{"href":"https:\/\/www.interaccionnoticias.com.mx\/index.php?rest_route=\/wp\/v2\/posts"}],"about":[{"href":"https:\/\/www.interaccionnoticias.com.mx\/index.php?rest_route=\/wp\/v2\/types\/post"}],"author":[{"embeddable":true,"href":"https:\/\/www.interaccionnoticias.com.mx\/index.php?rest_route=\/wp\/v2\/users\/8"}],"replies":[{"embeddable":true,"href":"https:\/\/www.interaccionnoticias.com.mx\/index.php?rest_route=%2Fwp%2Fv2%2Fcomments&post=74027"}],"version-history":[{"count":1,"href":"https:\/\/www.interaccionnoticias.com.mx\/index.php?rest_route=\/wp\/v2\/posts\/74027\/revisions"}],"predecessor-version":[{"id":74030,"href":"https:\/\/www.interaccionnoticias.com.mx\/index.php?rest_route=\/wp\/v2\/posts\/74027\/revisions\/74030"}],"wp:featuredmedia":[{"embeddable":true,"href":"https:\/\/www.interaccionnoticias.com.mx\/index.php?rest_route=\/wp\/v2\/media\/74029"}],"wp:attachment":[{"href":"https:\/\/www.interaccionnoticias.com.mx\/index.php?rest_route=%2Fwp%2Fv2%2Fmedia&parent=74027"}],"wp:term":[{"taxonomy":"category","embeddable":true,"href":"https:\/\/www.interaccionnoticias.com.mx\/index.php?rest_route=%2Fwp%2Fv2%2Fcategories&post=74027"},{"taxonomy":"post_tag","embeddable":true,"href":"https:\/\/www.interaccionnoticias.com.mx\/index.php?rest_route=%2Fwp%2Fv2%2Ftags&post=74027"}],"curies":[{"name":"wp","href":"https:\/\/api.w.org\/{rel}","templated":true}]}}