{"id":74001,"date":"2024-02-12T20:23:06","date_gmt":"2024-02-13T02:23:06","guid":{"rendered":"https:\/\/interaccionnoticias.com.mx\/?p=74001"},"modified":"2024-02-12T22:36:22","modified_gmt":"2024-02-13T04:36:22","slug":"ataque-a-base-de-urvan-en-chilpancingo-deja-dos-heridos","status":"publish","type":"post","link":"https:\/\/www.interaccionnoticias.com.mx\/?p=74001","title":{"rendered":"Ataque a base de urvan en Chilpancingo deja un muerto y un herido"},"content":{"rendered":"\n<p><strong><em>&#8212; La agresi\u00f3n se registr\u00f3 en la colonia Javier Mina<\/em><\/strong><\/p>\n\n\n\n<p><strong>Jes\u00fas Dorantes<\/strong><\/p>\n\n\n\n<p><strong>Chilpancingo, Gro.- <\/strong>La tarde del lunes se registr\u00f3 nuevamente un ataque armado en contra de unidades de transporte p\u00fablico de Chilpancingo, el hecho ocurri\u00f3 en la base de urvan de la colonia Javier Mina, con un saldo de un muerto y un herido.<\/p>\n\n\n\n<p>Pasadas las 19:00 horas se report\u00f3 a las autoridades un ataque armado en la referida colonia, ubicada en la parte norte de la ciudad<\/p>\n\n\n\n<p>Ah\u00ed, hombres armados dispararon en contra de la base de urvan que se encuentra en dicho asentamiento humano.<\/p>\n\n\n\n<p>La Secretar\u00eda de Seguridad P\u00fablica del Estado inform\u00f3 que tras recibir el reporte, elementos de la Polic\u00eda Estatal acudieron al lugar, en coordinaci\u00f3n con elementos de la Fiscal\u00eda General del Estado, Guardia Nacional y Secretar\u00eda de la Defensa Nacional (SEDENA), para brindar atenci\u00f3n a la ciudadan\u00eda.<\/p>\n\n\n\n<p>Indic\u00f3 que los heridos fueron trasladados a un hospital para recibir atenci\u00f3n m\u00e9dica.<\/p>\n\n\n\n<p>Posteriormente se confirm\u00f3 que el ch\u00f3fer de la unidad atacada muri\u00f3, en tanto que otra persona result\u00f3 herida de bala.<\/p>\n\n\n\n<p>El hecho de violencia se da a unas horas de que el Gobierno del Estado informara que en la capital ya hab\u00edan pasado 72 horas sin que se registrara un ataque en contra de choferes o unidades del servicio p\u00fablico.<\/p>\n\n\n\n<p>En poco tiempo, taxis y unidades tipo Urvan dejaron de circular en la ciudad.<\/p>\n\n\n\n<p>Las escuelas nuevamente anunciaron que suspender\u00edan clases, pese al llamado de la Secretar\u00eda de Educaci\u00f3n a regresar a las aulas.<\/p>\n\n\n\n<p><\/p>\n","protected":false},"excerpt":{"rendered":"<p>&#8212; La agresi\u00f3n se registr\u00f3 en la colonia Javier Mina Jes\u00fas Dorantes Chilpancingo, Gro.- La tarde del lunes se registr\u00f3 nuevamente un ataque armado en contra de unidades de transporte&hellip; <\/p>\n","protected":false},"author":8,"featured_media":74002,"comment_status":"open","ping_status":"open","sticky":false,"template":"","format":"standard","meta":{"fifu_image_url":"","fifu_image_alt":"","footnotes":""},"categories":[27],"tags":[],"class_list":["post-74001","post","type-post","status-publish","format-standard","has-post-thumbnail","hentry","category-seguridad-publica"],"_links":{"self":[{"href":"https:\/\/www.interaccionnoticias.com.mx\/index.php?rest_route=\/wp\/v2\/posts\/74001","targetHints":{"allow":["GET"]}}],"collection":[{"href":"https:\/\/www.interaccionnoticias.com.mx\/index.php?rest_route=\/wp\/v2\/posts"}],"about":[{"href":"https:\/\/www.interaccionnoticias.com.mx\/index.php?rest_route=\/wp\/v2\/types\/post"}],"author":[{"embeddable":true,"href":"https:\/\/www.interaccionnoticias.com.mx\/index.php?rest_route=\/wp\/v2\/users\/8"}],"replies":[{"embeddable":true,"href":"https:\/\/www.interaccionnoticias.com.mx\/index.php?rest_route=%2Fwp%2Fv2%2Fcomments&post=74001"}],"version-history":[{"count":2,"href":"https:\/\/www.interaccionnoticias.com.mx\/index.php?rest_route=\/wp\/v2\/posts\/74001\/revisions"}],"predecessor-version":[{"id":74004,"href":"https:\/\/www.interaccionnoticias.com.mx\/index.php?rest_route=\/wp\/v2\/posts\/74001\/revisions\/74004"}],"wp:featuredmedia":[{"embeddable":true,"href":"https:\/\/www.interaccionnoticias.com.mx\/index.php?rest_route=\/wp\/v2\/media\/74002"}],"wp:attachment":[{"href":"https:\/\/www.interaccionnoticias.com.mx\/index.php?rest_route=%2Fwp%2Fv2%2Fmedia&parent=74001"}],"wp:term":[{"taxonomy":"category","embeddable":true,"href":"https:\/\/www.interaccionnoticias.com.mx\/index.php?rest_route=%2Fwp%2Fv2%2Fcategories&post=74001"},{"taxonomy":"post_tag","embeddable":true,"href":"https:\/\/www.interaccionnoticias.com.mx\/index.php?rest_route=%2Fwp%2Fv2%2Ftags&post=74001"}],"curies":[{"name":"wp","href":"https:\/\/api.w.org\/{rel}","templated":true}]}}