{"id":73997,"date":"2024-02-12T18:54:03","date_gmt":"2024-02-13T00:54:03","guid":{"rendered":"https:\/\/interaccionnoticias.com.mx\/?p=73997"},"modified":"2024-02-12T18:54:33","modified_gmt":"2024-02-13T00:54:33","slug":"llama-la-seg-a-regresar-a-clases-en-chilpancingo-tras-una-semana-de-suspension","status":"publish","type":"post","link":"https:\/\/www.interaccionnoticias.com.mx\/?p=73997","title":{"rendered":"Llama la SEG a regresar a clases en Chilpancingo, tras una semana de suspensi\u00f3n"},"content":{"rendered":"\n<p><strong><em>&#8212; \u201cUna vez que el transporte p\u00fablico se restablece de manera generalizada\u201d, dice la dependencia a cargo de Marcial Rodr\u00edguez Salda\u00f1a<\/em><\/strong><\/p>\n\n\n\n<p><strong>Rogelio Agust\u00edn<\/strong><\/p>\n\n\n\n<p>La Secretar\u00eda de Educaci\u00f3n Guerrero (SEG) llam\u00f3 a retomar las clases presenciales en todas las escuelas de la capital del estado, \u201ctoda vez que el servicio del transporte p\u00fablico se ha estado restableciendo de forma generalizada\u201d.<\/p>\n\n\n\n<p>La convocatoria de la SEG se dio a conocer despu\u00e9s de las 18:30 horas del lunes 12 de febrero, una semana despu\u00e9s de los ataques registrados en Chilpancingo y las inmediaciones de Petaquillas, que dejaron un saldo de cuatro personas muertas.<\/p>\n\n\n\n<p>Es la primera ocasi\u00f3n en que la SEG, dependencia a cargo del doctor Marcial Rodr\u00edguez Salda\u00f1a realiza un pronunciamiento p\u00fablico abierto, sin que haya sido consultado a trav\u00e9s de entrevistas con los medios de comunicaci\u00f3n.<\/p>\n\n\n\n<p>El comunicado se\u00f1ala: \u201cLa Secretar\u00eda de Educaci\u00f3n Guerrero convoca a directivos, docentes, administrativos, madres, padres de familia del estado y en particular de la regi\u00f3n Centro, a continuar con sus actividades acad\u00e9micas de manera presencial; toda vez que el servicio del transporte p\u00fablico se ha estado restableciendo de manera generalizada\u201d.<\/p>\n\n\n\n<p>Y se\u00f1ala: \u201cLes pedimos estar atentos y mantenerse informados en medios oficiales del Gobierno Estatal\u201d.<\/p>\n\n\n\n<div class=\"wp-block-jetpack-slideshow aligncenter\" data-effect=\"slide\"><div class=\"wp-block-jetpack-slideshow_container swiper-container\"><ul class=\"wp-block-jetpack-slideshow_swiper-wrapper swiper-wrapper\"><li class=\"wp-block-jetpack-slideshow_slide swiper-slide\"><figure><img decoding=\"async\" src=\"data:image\/gif;base64,R0lGODlhAQABAIAAAAAAAP\/\/\/ywAAAAAAQABAAACAUwAOw==\" fifu-lazy=\"1\" fifu-data-sizes=\"auto\" fifu-data-srcset=\"https:\/\/i2.wp.com\/interaccionnoticias.com.mx\/wp-content\/uploads\/2024\/02\/240212-Aviso-SEG-970x1024.jpg?ssl=1&w=75&resize=75&ssl=1 75w, https:\/\/i2.wp.com\/interaccionnoticias.com.mx\/wp-content\/uploads\/2024\/02\/240212-Aviso-SEG-970x1024.jpg?ssl=1&w=100&resize=100&ssl=1 100w, https:\/\/i2.wp.com\/interaccionnoticias.com.mx\/wp-content\/uploads\/2024\/02\/240212-Aviso-SEG-970x1024.jpg?ssl=1&w=150&resize=150&ssl=1 150w, https:\/\/i2.wp.com\/interaccionnoticias.com.mx\/wp-content\/uploads\/2024\/02\/240212-Aviso-SEG-970x1024.jpg?ssl=1&w=240&resize=240&ssl=1 240w, https:\/\/i2.wp.com\/interaccionnoticias.com.mx\/wp-content\/uploads\/2024\/02\/240212-Aviso-SEG-970x1024.jpg?ssl=1&w=320&resize=320&ssl=1 320w, https:\/\/i2.wp.com\/interaccionnoticias.com.mx\/wp-content\/uploads\/2024\/02\/240212-Aviso-SEG-970x1024.jpg?ssl=1&w=500&resize=500&ssl=1 500w, https:\/\/i2.wp.com\/interaccionnoticias.com.mx\/wp-content\/uploads\/2024\/02\/240212-Aviso-SEG-970x1024.jpg?ssl=1&w=640&resize=640&ssl=1 640w, https:\/\/i2.wp.com\/interaccionnoticias.com.mx\/wp-content\/uploads\/2024\/02\/240212-Aviso-SEG-970x1024.jpg?ssl=1&w=800&resize=800&ssl=1 800w, https:\/\/i2.wp.com\/interaccionnoticias.com.mx\/wp-content\/uploads\/2024\/02\/240212-Aviso-SEG-970x1024.jpg?ssl=1&w=1024&resize=1024&ssl=1 1024w, https:\/\/i2.wp.com\/interaccionnoticias.com.mx\/wp-content\/uploads\/2024\/02\/240212-Aviso-SEG-970x1024.jpg?ssl=1&w=1280&resize=1280&ssl=1 1280w, https:\/\/i2.wp.com\/interaccionnoticias.com.mx\/wp-content\/uploads\/2024\/02\/240212-Aviso-SEG-970x1024.jpg?ssl=1&w=1600&resize=1600&ssl=1 1600w\" alt=\"\" class=\"wp-block-jetpack-slideshow_image wp-image-73998\" data-id=\"73998\" fifu-data-src=\"https:\/\/i2.wp.com\/interaccionnoticias.com.mx\/wp-content\/uploads\/2024\/02\/240212-Aviso-SEG-970x1024.jpg?ssl=1\"\/><\/figure><\/li><\/ul><a class=\"wp-block-jetpack-slideshow_button-prev swiper-button-prev swiper-button-white\" role=\"button\"><\/a><a class=\"wp-block-jetpack-slideshow_button-next swiper-button-next swiper-button-white\" role=\"button\"><\/a><a aria-label=\"Pause Slideshow\" class=\"wp-block-jetpack-slideshow_button-pause\" role=\"button\"><\/a><div class=\"wp-block-jetpack-slideshow_pagination swiper-pagination swiper-pagination-white\"><\/div><\/div><\/div>\n","protected":false},"excerpt":{"rendered":"<p>&#8212; \u201cUna vez que el transporte p\u00fablico se restablece de manera generalizada\u201d, dice la dependencia a cargo de Marcial Rodr\u00edguez Salda\u00f1a Rogelio Agust\u00edn La Secretar\u00eda de Educaci\u00f3n Guerrero (SEG) llam\u00f3&hellip; <\/p>\n","protected":false},"author":21,"featured_media":73999,"comment_status":"open","ping_status":"open","sticky":false,"template":"","format":"standard","meta":{"fifu_image_url":"","fifu_image_alt":"","footnotes":""},"categories":[6],"tags":[],"class_list":["post-73997","post","type-post","status-publish","format-standard","has-post-thumbnail","hentry","category-educacion"],"_links":{"self":[{"href":"https:\/\/www.interaccionnoticias.com.mx\/index.php?rest_route=\/wp\/v2\/posts\/73997","targetHints":{"allow":["GET"]}}],"collection":[{"href":"https:\/\/www.interaccionnoticias.com.mx\/index.php?rest_route=\/wp\/v2\/posts"}],"about":[{"href":"https:\/\/www.interaccionnoticias.com.mx\/index.php?rest_route=\/wp\/v2\/types\/post"}],"author":[{"embeddable":true,"href":"https:\/\/www.interaccionnoticias.com.mx\/index.php?rest_route=\/wp\/v2\/users\/21"}],"replies":[{"embeddable":true,"href":"https:\/\/www.interaccionnoticias.com.mx\/index.php?rest_route=%2Fwp%2Fv2%2Fcomments&post=73997"}],"version-history":[{"count":1,"href":"https:\/\/www.interaccionnoticias.com.mx\/index.php?rest_route=\/wp\/v2\/posts\/73997\/revisions"}],"predecessor-version":[{"id":74000,"href":"https:\/\/www.interaccionnoticias.com.mx\/index.php?rest_route=\/wp\/v2\/posts\/73997\/revisions\/74000"}],"wp:featuredmedia":[{"embeddable":true,"href":"https:\/\/www.interaccionnoticias.com.mx\/index.php?rest_route=\/wp\/v2\/media\/73999"}],"wp:attachment":[{"href":"https:\/\/www.interaccionnoticias.com.mx\/index.php?rest_route=%2Fwp%2Fv2%2Fmedia&parent=73997"}],"wp:term":[{"taxonomy":"category","embeddable":true,"href":"https:\/\/www.interaccionnoticias.com.mx\/index.php?rest_route=%2Fwp%2Fv2%2Fcategories&post=73997"},{"taxonomy":"post_tag","embeddable":true,"href":"https:\/\/www.interaccionnoticias.com.mx\/index.php?rest_route=%2Fwp%2Fv2%2Ftags&post=73997"}],"curies":[{"name":"wp","href":"https:\/\/api.w.org\/{rel}","templated":true}]}}