{"id":7389,"date":"2017-08-23T18:39:06","date_gmt":"2017-08-23T23:39:06","guid":{"rendered":"http:\/\/www.inter-accion.com.mx\/?p=7389"},"modified":"2017-08-23T18:39:06","modified_gmt":"2017-08-23T23:39:06","slug":"industriales-de-la-masa-y-la-tortilla-no-elevaran-sus-precios-en-guerrero","status":"publish","type":"post","link":"https:\/\/www.interaccionnoticias.com.mx\/?p=7389","title":{"rendered":"Industriales de la Masa y la Tortilla no elevar\u00e1n sus precios en Guerrero"},"content":{"rendered":"<p><strong>Por lo menos durante lo que resta de 2017<\/strong><br \/>\nAunque se\u00f1alan que los precios de sus insumos se incrementaron en forma importante, los industriales de la Masa y la Tortilla aclararon que no van a incrementar sus precios en el estado de Guerrero, con la intenci\u00f3n de no afectar la econom\u00eda familiar.<br \/>\nAbd\u00f3n Abel Hern\u00e1ndez Olvera, presidente de la Asociaci\u00f3n de Industriales de la Masa y la Tortilla en el estado de Guerrero, se\u00f1al\u00f3 que los precios de la tortilla se van a mantener estables durante lo que resta del a\u00f1o, gracias a los acuerdos que se han establecido con el gobierno estatal.<br \/>\nLa intenci\u00f3n, dijo que es no perjudicar a la econom\u00eda de las familias de Guerrero, que en estos momentos se encuentran severamente desgastados por el regreso a clases.<br \/>\nHern\u00e1ndez Olvera refiri\u00f3 que hay un sentimiento de solidaridad por parte de los industriales de la masa y la tortilla respecto a la poblaci\u00f3n, que vive momentos muy dif\u00edciles en materia de inseguridad y por la escasas posibilidades de desarrollo en materia econ\u00f3mica.<br \/>\nEl dirigente reconoci\u00f3 que los precios de los insumos que se utilizan en el sector se han incrementado de forma importante, principalmente en los casos de la energ\u00eda el\u00e9ctrica, el gas L.P, que van del 60 al 70 porciento.<br \/>\nIncluso, los empleados de las tortiller\u00edas tambi\u00e9n presionan de manera constante para mejorar su situaci\u00f3n actual, por lo que no siempre se les puede dar una respuesta satisfactoria.<br \/>\nLa disposici\u00f3n de los industriales de la tortilla, dijo que tambi\u00e9n tiene relaci\u00f3n con el respaldo que les ha otorgado el gobierno del estado, ya que les ha otorgado cantidades importantes de ma\u00edz y harina para que reduzcan sus costos de producci\u00f3n.<br \/>\nA pregunta expresa, dijo que la administraci\u00f3n ha entregado m\u00e1s de mil 700 toneladas de harina en las regiones Centro, Acapulco,&nbsp;&nbsp;Costa Grande, Tierra Caliente y Zona Norte, faltan la Costa Chica y Monta\u00f1a.<br \/>\nEn las regiones de referencia, dijo que se ha beneficiado a por lo menos 800 empleados de la industria de la masa y la tortilla, por lo que se ha respaldado a la mayor\u00eda de los integrantes del sector.<\/p>\n","protected":false},"excerpt":{"rendered":"<p>Por lo menos durante lo que resta de 2017 Aunque se\u00f1alan que los precios de sus insumos se incrementaron en forma importante, los industriales de la Masa y la Tortilla&hellip; <\/p>\n","protected":false},"author":1,"featured_media":0,"comment_status":"closed","ping_status":"closed","sticky":false,"template":"","format":"standard","meta":{"fifu_image_url":"","fifu_image_alt":"","footnotes":""},"categories":[8,11],"tags":[],"class_list":["post-7389","post","type-post","status-publish","format-standard","hentry","category-featured","category-guerrero"],"_links":{"self":[{"href":"https:\/\/www.interaccionnoticias.com.mx\/index.php?rest_route=\/wp\/v2\/posts\/7389","targetHints":{"allow":["GET"]}}],"collection":[{"href":"https:\/\/www.interaccionnoticias.com.mx\/index.php?rest_route=\/wp\/v2\/posts"}],"about":[{"href":"https:\/\/www.interaccionnoticias.com.mx\/index.php?rest_route=\/wp\/v2\/types\/post"}],"author":[{"embeddable":true,"href":"https:\/\/www.interaccionnoticias.com.mx\/index.php?rest_route=\/wp\/v2\/users\/1"}],"replies":[{"embeddable":true,"href":"https:\/\/www.interaccionnoticias.com.mx\/index.php?rest_route=%2Fwp%2Fv2%2Fcomments&post=7389"}],"version-history":[{"count":0,"href":"https:\/\/www.interaccionnoticias.com.mx\/index.php?rest_route=\/wp\/v2\/posts\/7389\/revisions"}],"wp:attachment":[{"href":"https:\/\/www.interaccionnoticias.com.mx\/index.php?rest_route=%2Fwp%2Fv2%2Fmedia&parent=7389"}],"wp:term":[{"taxonomy":"category","embeddable":true,"href":"https:\/\/www.interaccionnoticias.com.mx\/index.php?rest_route=%2Fwp%2Fv2%2Fcategories&post=7389"},{"taxonomy":"post_tag","embeddable":true,"href":"https:\/\/www.interaccionnoticias.com.mx\/index.php?rest_route=%2Fwp%2Fv2%2Ftags&post=7389"}],"curies":[{"name":"wp","href":"https:\/\/api.w.org\/{rel}","templated":true}]}}