{"id":73515,"date":"2024-01-31T21:02:09","date_gmt":"2024-02-01T03:02:09","guid":{"rendered":"https:\/\/interaccionnoticias.com.mx\/?p=73515"},"modified":"2024-01-31T21:02:46","modified_gmt":"2024-02-01T03:02:46","slug":"operativo-playa-segura-en-la-zona-turistica-de-acapulco","status":"publish","type":"post","link":"https:\/\/www.interaccionnoticias.com.mx\/?p=73515","title":{"rendered":"Operativo \u201cPlaya Segura\u201d en la zona tur\u00edstica de Acapulco"},"content":{"rendered":"\n<p><em><strong>&#8212; Despliegan a personal de la Marina y Guardia Nacional<br>&#8212; Debido a los hechos de violencia en la \u00faltima semana<\/strong><\/em><\/p>\n\n\n\n<p><strong>Javier Trujillo<\/strong><\/p>\n\n\n\n<p><strong>Acapulco, Gro. &#8211;<\/strong> M\u00e1s de 300 efectivos de la Marina y Guardia Nacional fueron desplegados cada cien metros a lo largo de 12 kil\u00f3metros de la franja tur\u00edstica en la bah\u00eda de Santa Luc\u00eda y Costera Miguel Alem\u00e1n.<\/p>\n\n\n\n<p>En el operativo denominado \u201cPlaya Segura\u201d, participa la Guardia Nacional en cada uno de los accesos a la playa. As\u00ed como efectivos de la Secretar\u00eda de Marina Armada de M\u00e9xico, lanchas tipo Defender y sobrevuelos en helic\u00f3pteros.<\/p>\n\n\n\n<p>La Secretar\u00eda de Marina, a trav\u00e9s de un comunicado indic\u00f3 que el despliegue de seguridad responde al \u201cPlan Marina\u201d para la reactivaci\u00f3n y reconstrucci\u00f3n del puerto de Acapulco que result\u00f3 afectado por el hurac\u00e1n \u201cOtis\u201d.<\/p>\n\n\n\n<p>Lo anterior, tras los recientes hechos de violencia ocurridos en la zona de playa en la bah\u00eda de Santa Luc\u00eda, donde cuatro personas han sido asesinadas en las playas Dominguillo, Tamarindos y El Morro.<\/p>\n\n\n\n<p>En un recorrido se pudo confirmar que se realizan sobrevuelos con helic\u00f3pteros y con lanchas interceptoras, adem\u00e1s cada cien metros se encuentran elementos de la GN mismos que est\u00e1n desplegados en la costera.<\/p>\n\n\n\n<p>\u201cDebido a los hechos de violencia que han ocurrido en los \u00faltimos d\u00edas, se nos dio la indicaci\u00f3n de realizar recorridos de seguridad y vigilancia a lo largo de la playa, as\u00ed como tambi\u00e9n en la zona de la Costera.<\/p>\n\n\n\n<p>\u201cLas indicaciones que tenemos es estar atentos para evitar que sucedan nuevamente hechos de violencia. Debemos tener una permanente comunicaci\u00f3n tanto en la playa as\u00ed como con los compa\u00f1eros de la costera\u201d, explic\u00f3 durante un recorrido por la franja de arena un elemento de la Semar.<\/p>\n\n\n\n<p>Al mismo tiempo, a lo largo de la Costera Miguel Alem\u00e1n, aproximadamente cada cien metros est\u00e1 un destacamento de elementos de la Guardia Nacional, as\u00ed como de unidades de la misma corporaci\u00f3n.<\/p>\n\n\n\n<p>Cabe mencionar que parte de est\u00e1s acciones son para garantizar la integridad de los visitantes que se encuentran en este destino tur\u00edstico, aunque ciertamente el n\u00famero de visitantes era muy reducido.<\/p>\n\n\n\n<p>Del mismo modo a lo largo de la principal arteria tur\u00edstica se han instalado filtros de seguridad en las zonas tur\u00edsticas del Acapulco Tradicional y Dorado.<\/p>\n","protected":false},"excerpt":{"rendered":"<p>&#8212; Despliegan a personal de la Marina y Guardia Nacional&#8212; Debido a los hechos de violencia en la \u00faltima semana Javier Trujillo Acapulco, Gro. &#8211; M\u00e1s de 300 efectivos de&hellip; <\/p>\n","protected":false},"author":3,"featured_media":73516,"comment_status":"open","ping_status":"open","sticky":false,"template":"","format":"standard","meta":{"fifu_image_url":"","fifu_image_alt":"","footnotes":""},"categories":[242],"tags":[],"class_list":["post-73515","post","type-post","status-publish","format-standard","has-post-thumbnail","hentry","category-acapulco"],"_links":{"self":[{"href":"https:\/\/www.interaccionnoticias.com.mx\/index.php?rest_route=\/wp\/v2\/posts\/73515","targetHints":{"allow":["GET"]}}],"collection":[{"href":"https:\/\/www.interaccionnoticias.com.mx\/index.php?rest_route=\/wp\/v2\/posts"}],"about":[{"href":"https:\/\/www.interaccionnoticias.com.mx\/index.php?rest_route=\/wp\/v2\/types\/post"}],"author":[{"embeddable":true,"href":"https:\/\/www.interaccionnoticias.com.mx\/index.php?rest_route=\/wp\/v2\/users\/3"}],"replies":[{"embeddable":true,"href":"https:\/\/www.interaccionnoticias.com.mx\/index.php?rest_route=%2Fwp%2Fv2%2Fcomments&post=73515"}],"version-history":[{"count":2,"href":"https:\/\/www.interaccionnoticias.com.mx\/index.php?rest_route=\/wp\/v2\/posts\/73515\/revisions"}],"predecessor-version":[{"id":73518,"href":"https:\/\/www.interaccionnoticias.com.mx\/index.php?rest_route=\/wp\/v2\/posts\/73515\/revisions\/73518"}],"wp:featuredmedia":[{"embeddable":true,"href":"https:\/\/www.interaccionnoticias.com.mx\/index.php?rest_route=\/wp\/v2\/media\/73516"}],"wp:attachment":[{"href":"https:\/\/www.interaccionnoticias.com.mx\/index.php?rest_route=%2Fwp%2Fv2%2Fmedia&parent=73515"}],"wp:term":[{"taxonomy":"category","embeddable":true,"href":"https:\/\/www.interaccionnoticias.com.mx\/index.php?rest_route=%2Fwp%2Fv2%2Fcategories&post=73515"},{"taxonomy":"post_tag","embeddable":true,"href":"https:\/\/www.interaccionnoticias.com.mx\/index.php?rest_route=%2Fwp%2Fv2%2Ftags&post=73515"}],"curies":[{"name":"wp","href":"https:\/\/api.w.org\/{rel}","templated":true}]}}