{"id":73506,"date":"2024-01-31T14:27:00","date_gmt":"2024-01-31T20:27:00","guid":{"rendered":"https:\/\/interaccionnoticias.com.mx\/?p=73506"},"modified":"2024-01-31T15:40:02","modified_gmt":"2024-01-31T21:40:02","slug":"prd-guerrero-si-esta-molesto-por-la-renuncia-de-mario-moreno-arcos-al-pri","status":"publish","type":"post","link":"https:\/\/www.interaccionnoticias.com.mx\/?p=73506","title":{"rendered":"PRD-Guerrero s\u00ed est\u00e1 molesto por la renuncia de Mario Moreno Arcos al PRI"},"content":{"rendered":"\n<p><strong><em>&#8212; En el 2021, los perredistas lo apoyaron como candidato a gobernador y ahora operar\u00e1 en contra<\/em><\/strong><\/p>\n\n\n\n<p><strong>Yasm\u00edn Garc\u00eda<\/strong><\/p>\n\n\n\n<p>El presidente del Comit\u00e9 Ejecutivo Estatal (CDE) del PRD, Alberto Catal\u00e1n Bastida sostuvo manifest\u00f3 que en dicho instituto pol\u00edtico s\u00ed hay malestar con el ex candidato a la gubernatura Mario Moreno Arcos, a quien apoyaron en los comicios de 2021 y de quien esperaban reciprocidad en 2024, sin embargo, ahora anuncia que operar\u00e1 en contra.<\/p>\n\n\n\n<p>Catal\u00e1n Bastida manifest\u00f3 que las decisiones de los actores pol\u00edticos son respetables, pero indic\u00f3 que siempre se debe tomar en cuenta el principio de reciprocidad.<\/p>\n\n\n\n<p>Indic\u00f3 que en la contienda por la gubernatura de Guerrero, el sol azteca apoy\u00f3 \u201ccon todo\u201d a Moreno Arcos y prueba de ello es que la elecci\u00f3n se cerr\u00f3, cuando se anticipaba una ventaja de m\u00e1s de 20 puntos a favor de Morena.<\/p>\n\n\n\n<p>\u201cLamento mucho su decisi\u00f3n, el PRD tuvo una identidad con \u00e9l, lo apoyamos con todo y s\u00ed nos molesta, porque es a quien apoyamos en el proceso electoral pasado para asumir una candidatura de la alianza\u201d, recrimin\u00f3 el dirigente.<\/p>\n\n\n\n<p>Reconoci\u00f3 que la salida de Moreno Arcos se debe a un conflicto con el Comit\u00e9 Ejecutivo Nacional (CEN) que encabeza Alejandro Moreno C\u00e1rdenas, \u201cAlito\u201d, no por un tema con las dirigencias estatales.<\/p>\n\n\n\n<p>Reconoci\u00f3 que la salida de Moreno Arcos afecta la coalici\u00f3n, en ese sentido el PRD realizar\u00e1 un an\u00e1lisis y redoblar\u00e1 esfuerzos como partido, para garantizar un buen resultado en los comicios de junio pr\u00f3ximo.<\/p>\n\n\n\n<p>Tras las renuncias que se est\u00e1n generando, indic\u00f3 que al seno de la coalici\u00f3n se requiere de elaborar una evaluaci\u00f3n de da\u00f1os para proceder a la integraci\u00f3n de un plan de acci\u00f3n, con la intenci\u00f3n de revertirlos.<\/p>\n","protected":false},"excerpt":{"rendered":"<p>&#8212; En el 2021, los perredistas lo apoyaron como candidato a gobernador y ahora operar\u00e1 en contra Yasm\u00edn Garc\u00eda El presidente del Comit\u00e9 Ejecutivo Estatal (CDE) del PRD, Alberto Catal\u00e1n&hellip; <\/p>\n","protected":false},"author":32,"featured_media":73507,"comment_status":"open","ping_status":"open","sticky":false,"template":"","format":"standard","meta":{"fifu_image_url":"","fifu_image_alt":"","footnotes":""},"categories":[21],"tags":[],"class_list":["post-73506","post","type-post","status-publish","format-standard","has-post-thumbnail","hentry","category-politica"],"_links":{"self":[{"href":"https:\/\/www.interaccionnoticias.com.mx\/index.php?rest_route=\/wp\/v2\/posts\/73506","targetHints":{"allow":["GET"]}}],"collection":[{"href":"https:\/\/www.interaccionnoticias.com.mx\/index.php?rest_route=\/wp\/v2\/posts"}],"about":[{"href":"https:\/\/www.interaccionnoticias.com.mx\/index.php?rest_route=\/wp\/v2\/types\/post"}],"author":[{"embeddable":true,"href":"https:\/\/www.interaccionnoticias.com.mx\/index.php?rest_route=\/wp\/v2\/users\/32"}],"replies":[{"embeddable":true,"href":"https:\/\/www.interaccionnoticias.com.mx\/index.php?rest_route=%2Fwp%2Fv2%2Fcomments&post=73506"}],"version-history":[{"count":1,"href":"https:\/\/www.interaccionnoticias.com.mx\/index.php?rest_route=\/wp\/v2\/posts\/73506\/revisions"}],"predecessor-version":[{"id":73508,"href":"https:\/\/www.interaccionnoticias.com.mx\/index.php?rest_route=\/wp\/v2\/posts\/73506\/revisions\/73508"}],"wp:featuredmedia":[{"embeddable":true,"href":"https:\/\/www.interaccionnoticias.com.mx\/index.php?rest_route=\/wp\/v2\/media\/73507"}],"wp:attachment":[{"href":"https:\/\/www.interaccionnoticias.com.mx\/index.php?rest_route=%2Fwp%2Fv2%2Fmedia&parent=73506"}],"wp:term":[{"taxonomy":"category","embeddable":true,"href":"https:\/\/www.interaccionnoticias.com.mx\/index.php?rest_route=%2Fwp%2Fv2%2Fcategories&post=73506"},{"taxonomy":"post_tag","embeddable":true,"href":"https:\/\/www.interaccionnoticias.com.mx\/index.php?rest_route=%2Fwp%2Fv2%2Ftags&post=73506"}],"curies":[{"name":"wp","href":"https:\/\/api.w.org\/{rel}","templated":true}]}}