{"id":73495,"date":"2024-01-31T13:16:00","date_gmt":"2024-01-31T19:16:00","guid":{"rendered":"https:\/\/interaccionnoticias.com.mx\/?p=73495"},"modified":"2024-01-31T15:32:32","modified_gmt":"2024-01-31T21:32:32","slug":"hector-astudillo-renuncia-a-su-militancia-de-40-anos-en-el-pri","status":"publish","type":"post","link":"https:\/\/www.interaccionnoticias.com.mx\/?p=73495","title":{"rendered":"H\u00e9ctor Astudillo renuncia a su militancia de 40 a\u00f1os en el PRI"},"content":{"rendered":"\n<p><strong><em>&#8212; El ex gobernador de Guerrero denuncia que hay una exclusi\u00f3n y desprecio hacia el pri\u00edsmo local<br>&#8212; No se va a ning\u00fan partido, aunque reconoce que ha recibido varios ofrecimientos<br>&#8212; La permanencia de Alejandro Moreno, genera descr\u00e9dito y verg\u00fcenza para el partido ante la opini\u00f3n p\u00fablica, asegura<\/em><\/strong><\/p>\n\n\n\n<p><strong>Rogelio Agust\u00edn<\/strong><\/p>\n\n\n\n<p>El ex gobernador H\u00e9ctor Astudillo Flores renunci\u00f3 a su militancia de m\u00e1s de 40 a\u00f1os en el PRI, entre otras cosas, por \u201cel desprecio y la exclusi\u00f3n\u201d que la militancia de esta entidad ha sufrido de parte de su dirigente nacional, Alejandro Moreno C\u00e1rdenas.<\/p>\n\n\n\n<p>En su domicilio particular, ubicado en la parte oriente de Chilpancingo, el ex senador, tres veces alcalde en la capital del estado y tres veces diputado local, se\u00f1al\u00f3 que se va del tricolor sumamente agradecido por la oportunidades de participaci\u00f3n que ha tenido desde que comenz\u00f3 su trayectoria pol\u00edtica, cuando ten\u00eda 27 a\u00f1os de edad.<\/p>\n\n\n\n<p>Sin embargo, destac\u00f3 que como norma de conducta siempre ha tenido actuar con claridad: \u201c`por eso me he revelado ante lo incorrecto, lo injusto y lo ofensivo\u201d.<\/p>\n\n\n\n<p>De cara al proceso electoral 2024, sostuvo que es mucho lo que est\u00e1 en juego y que en consecuencia no comparte la confrontaci\u00f3n entre los poderes p\u00fablicos, tampoco el debilitamiento de los \u00f3rganos electorales y se pronunci\u00f3 por el respeto permanente a la Constituci\u00f3n General de la Rep\u00fablica.<\/p>\n\n\n\n<p>Indic\u00f3: \u201cEs urgente que la alianza PRI, PRD y PAN demuestren realmente que su compromiso es con M\u00e9xico, es prioritario que se vea y sienta en el territorio nacional, el trabajo en favor de la candidata X\u00f3chitl G\u00e1lvez\u201d.<\/p>\n\n\n\n<p>Luego vino la cr\u00edtica hacia las decisiones tomadas al seno del que hasta este mi\u00e9rcoles fue su partido: \u201cEn el caso del PRI, tal parece que las candidaturas que recientemente se publicaron, est\u00e1n solamente anunciando que se llevar\u00e1n los restos de lo que queda del partido\u201d.<\/p>\n\n\n\n<p>Enfatiz\u00f3: \u201cYa no me siento del PRI de hoy, que se ha convertido en un grupo sectario, sin ideolog\u00eda, sin debate ni mucho menos reflexi\u00f3n. He protestado desde que el presidente del PRI nacional se apropi\u00f3 de las facultades de las bases municipales y estatales para hacer solo lo que le conviene a \u00e9l\u201d.<\/p>\n\n\n\n<p>Continu\u00f3: \u201cNo acepto al PRI que determina por cercan\u00eda o incondicionalidad y que no reconoce liderazgos, ya no deseo pertenecer a un PRI sin ideales y sin idealistas y me averg\u00fcenzo de un PRI en el que frecuentemente, Alejandro Moreno C\u00e1rdenas se ha visto envuelto en confrontaciones internas y en acusaciones hacia su persona que han causado bajas importante de hombres y mujeres con trayectorias reconocidas y valiosas\u201d.<\/p>\n\n\n\n<p>Los se\u00f1alamientos personales en contra del dirigente nacional, de acuerdo con Astudillo, han perjudicado la credibilidad del PRI ante la opini\u00f3n p\u00fablica.<\/p>\n\n\n\n<p>Cerr\u00f3: \u201cNo acepto un PRI de Guerrero dividido y despreciado, por eso hoy tomo la decisi\u00f3n de separarme del PRI, en el que me form\u00e9 y al que le debo mucho, me voy muy agradecido con todos los que me brindaron su confianza y me acompa\u00f1aron en muchos a\u00f1os de vida pol\u00edtica\u201d.<\/p>\n\n\n\n<p>Aclar\u00f3 que su renuncia es de car\u00e1cter personal, que no presiona a nadie para que lo secunde, pero admiti\u00f3 que si hace una convocatoria para que haya una profunda reflexi\u00f3n respecto a lo que es mejor para el estado y el pa\u00eds.<\/p>\n\n\n\n<p>Aunque reconoci\u00f3 que ha tenido acercamientos con l\u00edderes nacionales de diferentes partidos, aclar\u00f3 que se quedar\u00e1 en la sociedad, analizando lo que sucede y sostuvo que no se ve participando como candidato en los comicios de junio pr\u00f3ximo.<\/p>\n\n\n\n<p><strong>La gr\u00e1fica de la exclusi\u00f3n y el desprecio<\/strong><\/p>\n\n\n\n<p>En la parte final de la conferencia, el ex gobernador present\u00f3 una gr\u00e1fica que ten\u00eda el t\u00edtulo de \u201cexclusi\u00f3n y desprecio\u201d.<\/p>\n\n\n\n<p>Ah\u00ed se establece una comparaci\u00f3n num\u00e9rica, en donde Guerrero aparece con un padr\u00f3n de 2 millones 663 mil electores, mientras que el de Campeche es de 696 mil, lo que representa poco menos de una cuarta parte en relaci\u00f3n a esta entidad.<\/p>\n\n\n\n<p>En ese sentido, se\u00f1al\u00f3 que a Guerrero no se le asign\u00f3 ning\u00fan espacio en la lista de senadores, en tanto que a Campeche 2, a pesar de las diferencias num\u00e9ricas.<\/p>\n\n\n\n<p>En lo que se refiere a la lista de diputados de representaci\u00f3n proporcional, a Guerrero no le toc\u00f3 ning\u00fan espacio pero a Campeche le dieron 2, lo que reitera el nivel de la exclusi\u00f3n.<\/p>\n\n\n\n<p>En 2021, el candidato a gobernador de Guerrero tuvo 580 mil votos, mientras que en Campeche el PRI solo tuvo 129 mil votos, lo que establece una gran diferencia en cuanto a los resultados.<\/p>\n\n\n\n<p>Ante la falta de proporcionalidad en el trato, indic\u00f3 que debe existir una reflexi\u00f3n respecto al trato que se est\u00e1 dando a la militancia.<\/p>\n\n\n\n<figure class=\"wp-block-gallery has-nested-images columns-default is-cropped wp-block-gallery-1 is-layout-flex wp-block-gallery-is-layout-flex\">\n<figure class=\"wp-block-image size-large\"><img decoding=\"async\" src=\"data:image\/gif;base64,R0lGODlhAQABAIAAAAAAAP\/\/\/ywAAAAAAQABAAACAUwAOw==\" fifu-lazy=\"1\" fifu-data-sizes=\"auto\" fifu-data-srcset=\"https:\/\/i2.wp.com\/interaccionnoticias.com.mx\/wp-content\/uploads\/2024\/01\/240131-Hector-Astudillo-1-1024x683.jpg?ssl=1&w=75&resize=75&ssl=1 75w, https:\/\/i2.wp.com\/interaccionnoticias.com.mx\/wp-content\/uploads\/2024\/01\/240131-Hector-Astudillo-1-1024x683.jpg?ssl=1&w=100&resize=100&ssl=1 100w, https:\/\/i2.wp.com\/interaccionnoticias.com.mx\/wp-content\/uploads\/2024\/01\/240131-Hector-Astudillo-1-1024x683.jpg?ssl=1&w=150&resize=150&ssl=1 150w, https:\/\/i2.wp.com\/interaccionnoticias.com.mx\/wp-content\/uploads\/2024\/01\/240131-Hector-Astudillo-1-1024x683.jpg?ssl=1&w=240&resize=240&ssl=1 240w, https:\/\/i2.wp.com\/interaccionnoticias.com.mx\/wp-content\/uploads\/2024\/01\/240131-Hector-Astudillo-1-1024x683.jpg?ssl=1&w=320&resize=320&ssl=1 320w, https:\/\/i2.wp.com\/interaccionnoticias.com.mx\/wp-content\/uploads\/2024\/01\/240131-Hector-Astudillo-1-1024x683.jpg?ssl=1&w=500&resize=500&ssl=1 500w, https:\/\/i2.wp.com\/interaccionnoticias.com.mx\/wp-content\/uploads\/2024\/01\/240131-Hector-Astudillo-1-1024x683.jpg?ssl=1&w=640&resize=640&ssl=1 640w, https:\/\/i2.wp.com\/interaccionnoticias.com.mx\/wp-content\/uploads\/2024\/01\/240131-Hector-Astudillo-1-1024x683.jpg?ssl=1&w=800&resize=800&ssl=1 800w, https:\/\/i2.wp.com\/interaccionnoticias.com.mx\/wp-content\/uploads\/2024\/01\/240131-Hector-Astudillo-1-1024x683.jpg?ssl=1&w=1024&resize=1024&ssl=1 1024w, https:\/\/i2.wp.com\/interaccionnoticias.com.mx\/wp-content\/uploads\/2024\/01\/240131-Hector-Astudillo-1-1024x683.jpg?ssl=1&w=1280&resize=1280&ssl=1 1280w, https:\/\/i2.wp.com\/interaccionnoticias.com.mx\/wp-content\/uploads\/2024\/01\/240131-Hector-Astudillo-1-1024x683.jpg?ssl=1&w=1600&resize=1600&ssl=1 1600w\" data-id=\"73496\" fifu-data-src=\"https:\/\/i2.wp.com\/interaccionnoticias.com.mx\/wp-content\/uploads\/2024\/01\/240131-Hector-Astudillo-1-1024x683.jpg?ssl=1\" alt=\"\" class=\"wp-image-73496\"\/><\/figure>\n\n\n\n<figure class=\"wp-block-image size-large\"><img decoding=\"async\" src=\"data:image\/gif;base64,R0lGODlhAQABAIAAAAAAAP\/\/\/ywAAAAAAQABAAACAUwAOw==\" fifu-lazy=\"1\" fifu-data-sizes=\"auto\" fifu-data-srcset=\"https:\/\/i1.wp.com\/interaccionnoticias.com.mx\/wp-content\/uploads\/2024\/01\/240131-Hector-Astudillo-2-1024x683.jpg?ssl=1&w=75&resize=75&ssl=1 75w, https:\/\/i1.wp.com\/interaccionnoticias.com.mx\/wp-content\/uploads\/2024\/01\/240131-Hector-Astudillo-2-1024x683.jpg?ssl=1&w=100&resize=100&ssl=1 100w, https:\/\/i1.wp.com\/interaccionnoticias.com.mx\/wp-content\/uploads\/2024\/01\/240131-Hector-Astudillo-2-1024x683.jpg?ssl=1&w=150&resize=150&ssl=1 150w, https:\/\/i1.wp.com\/interaccionnoticias.com.mx\/wp-content\/uploads\/2024\/01\/240131-Hector-Astudillo-2-1024x683.jpg?ssl=1&w=240&resize=240&ssl=1 240w, https:\/\/i1.wp.com\/interaccionnoticias.com.mx\/wp-content\/uploads\/2024\/01\/240131-Hector-Astudillo-2-1024x683.jpg?ssl=1&w=320&resize=320&ssl=1 320w, https:\/\/i1.wp.com\/interaccionnoticias.com.mx\/wp-content\/uploads\/2024\/01\/240131-Hector-Astudillo-2-1024x683.jpg?ssl=1&w=500&resize=500&ssl=1 500w, https:\/\/i1.wp.com\/interaccionnoticias.com.mx\/wp-content\/uploads\/2024\/01\/240131-Hector-Astudillo-2-1024x683.jpg?ssl=1&w=640&resize=640&ssl=1 640w, https:\/\/i1.wp.com\/interaccionnoticias.com.mx\/wp-content\/uploads\/2024\/01\/240131-Hector-Astudillo-2-1024x683.jpg?ssl=1&w=800&resize=800&ssl=1 800w, https:\/\/i1.wp.com\/interaccionnoticias.com.mx\/wp-content\/uploads\/2024\/01\/240131-Hector-Astudillo-2-1024x683.jpg?ssl=1&w=1024&resize=1024&ssl=1 1024w, https:\/\/i1.wp.com\/interaccionnoticias.com.mx\/wp-content\/uploads\/2024\/01\/240131-Hector-Astudillo-2-1024x683.jpg?ssl=1&w=1280&resize=1280&ssl=1 1280w, https:\/\/i1.wp.com\/interaccionnoticias.com.mx\/wp-content\/uploads\/2024\/01\/240131-Hector-Astudillo-2-1024x683.jpg?ssl=1&w=1600&resize=1600&ssl=1 1600w\" data-id=\"73497\" fifu-data-src=\"https:\/\/i1.wp.com\/interaccionnoticias.com.mx\/wp-content\/uploads\/2024\/01\/240131-Hector-Astudillo-2-1024x683.jpg?ssl=1\" alt=\"\" class=\"wp-image-73497\"\/><\/figure>\n\n\n\n<figure class=\"wp-block-image size-large\"><img decoding=\"async\" src=\"data:image\/gif;base64,R0lGODlhAQABAIAAAAAAAP\/\/\/ywAAAAAAQABAAACAUwAOw==\" fifu-lazy=\"1\" fifu-data-sizes=\"auto\" fifu-data-srcset=\"https:\/\/i3.wp.com\/interaccionnoticias.com.mx\/wp-content\/uploads\/2024\/01\/240131-Hector-Astudillo-3-1024x683.jpg?ssl=1&w=75&resize=75&ssl=1 75w, https:\/\/i3.wp.com\/interaccionnoticias.com.mx\/wp-content\/uploads\/2024\/01\/240131-Hector-Astudillo-3-1024x683.jpg?ssl=1&w=100&resize=100&ssl=1 100w, https:\/\/i3.wp.com\/interaccionnoticias.com.mx\/wp-content\/uploads\/2024\/01\/240131-Hector-Astudillo-3-1024x683.jpg?ssl=1&w=150&resize=150&ssl=1 150w, https:\/\/i3.wp.com\/interaccionnoticias.com.mx\/wp-content\/uploads\/2024\/01\/240131-Hector-Astudillo-3-1024x683.jpg?ssl=1&w=240&resize=240&ssl=1 240w, https:\/\/i3.wp.com\/interaccionnoticias.com.mx\/wp-content\/uploads\/2024\/01\/240131-Hector-Astudillo-3-1024x683.jpg?ssl=1&w=320&resize=320&ssl=1 320w, https:\/\/i3.wp.com\/interaccionnoticias.com.mx\/wp-content\/uploads\/2024\/01\/240131-Hector-Astudillo-3-1024x683.jpg?ssl=1&w=500&resize=500&ssl=1 500w, https:\/\/i3.wp.com\/interaccionnoticias.com.mx\/wp-content\/uploads\/2024\/01\/240131-Hector-Astudillo-3-1024x683.jpg?ssl=1&w=640&resize=640&ssl=1 640w, https:\/\/i3.wp.com\/interaccionnoticias.com.mx\/wp-content\/uploads\/2024\/01\/240131-Hector-Astudillo-3-1024x683.jpg?ssl=1&w=800&resize=800&ssl=1 800w, https:\/\/i3.wp.com\/interaccionnoticias.com.mx\/wp-content\/uploads\/2024\/01\/240131-Hector-Astudillo-3-1024x683.jpg?ssl=1&w=1024&resize=1024&ssl=1 1024w, https:\/\/i3.wp.com\/interaccionnoticias.com.mx\/wp-content\/uploads\/2024\/01\/240131-Hector-Astudillo-3-1024x683.jpg?ssl=1&w=1280&resize=1280&ssl=1 1280w, https:\/\/i3.wp.com\/interaccionnoticias.com.mx\/wp-content\/uploads\/2024\/01\/240131-Hector-Astudillo-3-1024x683.jpg?ssl=1&w=1600&resize=1600&ssl=1 1600w\" data-id=\"73498\" fifu-data-src=\"https:\/\/i3.wp.com\/interaccionnoticias.com.mx\/wp-content\/uploads\/2024\/01\/240131-Hector-Astudillo-3-1024x683.jpg?ssl=1\" alt=\"\" class=\"wp-image-73498\"\/><\/figure>\n<\/figure>\n","protected":false},"excerpt":{"rendered":"<p>&#8212; El ex gobernador de Guerrero denuncia que hay una exclusi\u00f3n y desprecio hacia el pri\u00edsmo local&#8212; No se va a ning\u00fan partido, aunque reconoce que ha recibido varios ofrecimientos&#8212;&hellip; <\/p>\n","protected":false},"author":21,"featured_media":73498,"comment_status":"open","ping_status":"open","sticky":false,"template":"","format":"standard","meta":{"fifu_image_url":"","fifu_image_alt":"","footnotes":""},"categories":[21],"tags":[],"class_list":["post-73495","post","type-post","status-publish","format-standard","has-post-thumbnail","hentry","category-politica"],"_links":{"self":[{"href":"https:\/\/www.interaccionnoticias.com.mx\/index.php?rest_route=\/wp\/v2\/posts\/73495","targetHints":{"allow":["GET"]}}],"collection":[{"href":"https:\/\/www.interaccionnoticias.com.mx\/index.php?rest_route=\/wp\/v2\/posts"}],"about":[{"href":"https:\/\/www.interaccionnoticias.com.mx\/index.php?rest_route=\/wp\/v2\/types\/post"}],"author":[{"embeddable":true,"href":"https:\/\/www.interaccionnoticias.com.mx\/index.php?rest_route=\/wp\/v2\/users\/21"}],"replies":[{"embeddable":true,"href":"https:\/\/www.interaccionnoticias.com.mx\/index.php?rest_route=%2Fwp%2Fv2%2Fcomments&post=73495"}],"version-history":[{"count":1,"href":"https:\/\/www.interaccionnoticias.com.mx\/index.php?rest_route=\/wp\/v2\/posts\/73495\/revisions"}],"predecessor-version":[{"id":73499,"href":"https:\/\/www.interaccionnoticias.com.mx\/index.php?rest_route=\/wp\/v2\/posts\/73495\/revisions\/73499"}],"wp:featuredmedia":[{"embeddable":true,"href":"https:\/\/www.interaccionnoticias.com.mx\/index.php?rest_route=\/wp\/v2\/media\/73498"}],"wp:attachment":[{"href":"https:\/\/www.interaccionnoticias.com.mx\/index.php?rest_route=%2Fwp%2Fv2%2Fmedia&parent=73495"}],"wp:term":[{"taxonomy":"category","embeddable":true,"href":"https:\/\/www.interaccionnoticias.com.mx\/index.php?rest_route=%2Fwp%2Fv2%2Fcategories&post=73495"},{"taxonomy":"post_tag","embeddable":true,"href":"https:\/\/www.interaccionnoticias.com.mx\/index.php?rest_route=%2Fwp%2Fv2%2Ftags&post=73495"}],"curies":[{"name":"wp","href":"https:\/\/api.w.org\/{rel}","templated":true}]}}