{"id":73492,"date":"2024-01-30T17:54:00","date_gmt":"2024-01-30T23:54:00","guid":{"rendered":"https:\/\/interaccionnoticias.com.mx\/?p=73492"},"modified":"2024-01-30T20:03:30","modified_gmt":"2024-01-31T02:03:30","slug":"la-salida-de-mario-moreno-del-pri-si-afecta-a-la-alianza-con-el-pan-y-el-prd-eloy-salmeron","status":"publish","type":"post","link":"https:\/\/www.interaccionnoticias.com.mx\/?p=73492","title":{"rendered":"La salida de Mario Moreno del PRI s\u00ed afecta a la alianza con el PAN y el PRD: Eloy Salmer\u00f3n"},"content":{"rendered":"\n<p><strong><em>&#8212; Se requiere trabajar m\u00e1s para fortalecer las estructuras internas<\/em><\/strong><\/p>\n\n\n\n<p><strong>Rosario Garc\u00eda Orozco<\/strong><\/p>\n\n\n\n<p>La renuncia del ex candidato a gobernador Mario Moreno Arcos al PRI afecta la alianza con el PRI y el PRD, por lo que deber\u00e1n fortalecerse m\u00e1s las estructuras internas, consider\u00f3 el dirigente estatal del PAN con licencia, Eloy Salmer\u00f3n D\u00edaz.<\/p>\n\n\n\n<p>\u00abSe requiere fortalecer la alianza de cara al proceso electoral 2023-2024\u00bb, dijo el panista, quien agreg\u00f3 que respetan en ese partido los conflictos internos que hay con sus compa\u00f1eros de alianza, \u00abdefinitivamente afecta esa decisi\u00f3n porque Mario Moreno s\u00ed representa un importante liderazgo, nosotros consideramos que hay que caminar, seguir construyendo ytrabajar para fortalecer la alianza de cara al proceso\u00bb.<\/p>\n\n\n\n<p>En torno a la posibilidad de que tambi\u00e9n el ex gobernador H\u00e9ctor Astudillo Flores, deje las filas del PRI, Salmer\u00f3n D\u00edaz se\u00f1al\u00f3 que \u00aben esos temas no puedo opinar, porque hasta el momento son rumores, yo creo que debemos esperar a que se den las cosas para poder opinar, lo que nos resta es seguir llamando a la unidad de los esfuerzos pol\u00edticos en los que estamos trabajando, fortaleciendo nuestras estructuras internas y buscando los mejores perfiles para las candidaturas a diputados locales y presidentes municipales\u00bb.<\/p>\n\n\n\n<p>Agreg\u00f3 que en los tres partidos de la Alianza \u00abFuerza y Craz\u00f3n por M\u00e9xico\u00bb, el trabajo se fortalece para que cada vez m\u00e1s guerrerenses conozcan a la candidata X\u00f3chitl Galvez, \u00aby en ello vamos bien\u00bb.<\/p>\n\n\n\n<p>Eloy Salmer\u00f3n asegur\u00f3 que en Acci\u00f3n Nacional no se prev\u00e9 una desbandada de militantes, \u00abhasta ahorita no lo veo, al contrario, veo a la militancia participando en la desici\u00f3n de definir los perfiles para participar en el proceso\u00bb.<\/p>\n\n\n\n<p>Finalmente coment\u00f3 que a nivel nacional en el PAN ya se definieron quienes son los candidatos a las senadur\u00eda por la v\u00eda plurinominal, y que el proceso interno fue tranquilo porque est\u00e1n representados todos los grupos, \u00aby si hubo problemas, el dirigente nacional Marco Cort\u00e9s pudo resolverlo porque les dio participaci\u00f3n a todos\u00bb.<\/p>\n","protected":false},"excerpt":{"rendered":"<p>&#8212; Se requiere trabajar m\u00e1s para fortalecer las estructuras internas Rosario Garc\u00eda Orozco La renuncia del ex candidato a gobernador Mario Moreno Arcos al PRI afecta la alianza con el&hellip; <\/p>\n","protected":false},"author":14,"featured_media":73493,"comment_status":"open","ping_status":"open","sticky":false,"template":"","format":"standard","meta":{"fifu_image_url":"","fifu_image_alt":"","footnotes":""},"categories":[21],"tags":[],"class_list":["post-73492","post","type-post","status-publish","format-standard","has-post-thumbnail","hentry","category-politica"],"_links":{"self":[{"href":"https:\/\/www.interaccionnoticias.com.mx\/index.php?rest_route=\/wp\/v2\/posts\/73492","targetHints":{"allow":["GET"]}}],"collection":[{"href":"https:\/\/www.interaccionnoticias.com.mx\/index.php?rest_route=\/wp\/v2\/posts"}],"about":[{"href":"https:\/\/www.interaccionnoticias.com.mx\/index.php?rest_route=\/wp\/v2\/types\/post"}],"author":[{"embeddable":true,"href":"https:\/\/www.interaccionnoticias.com.mx\/index.php?rest_route=\/wp\/v2\/users\/14"}],"replies":[{"embeddable":true,"href":"https:\/\/www.interaccionnoticias.com.mx\/index.php?rest_route=%2Fwp%2Fv2%2Fcomments&post=73492"}],"version-history":[{"count":1,"href":"https:\/\/www.interaccionnoticias.com.mx\/index.php?rest_route=\/wp\/v2\/posts\/73492\/revisions"}],"predecessor-version":[{"id":73494,"href":"https:\/\/www.interaccionnoticias.com.mx\/index.php?rest_route=\/wp\/v2\/posts\/73492\/revisions\/73494"}],"wp:featuredmedia":[{"embeddable":true,"href":"https:\/\/www.interaccionnoticias.com.mx\/index.php?rest_route=\/wp\/v2\/media\/73493"}],"wp:attachment":[{"href":"https:\/\/www.interaccionnoticias.com.mx\/index.php?rest_route=%2Fwp%2Fv2%2Fmedia&parent=73492"}],"wp:term":[{"taxonomy":"category","embeddable":true,"href":"https:\/\/www.interaccionnoticias.com.mx\/index.php?rest_route=%2Fwp%2Fv2%2Fcategories&post=73492"},{"taxonomy":"post_tag","embeddable":true,"href":"https:\/\/www.interaccionnoticias.com.mx\/index.php?rest_route=%2Fwp%2Fv2%2Ftags&post=73492"}],"curies":[{"name":"wp","href":"https:\/\/api.w.org\/{rel}","templated":true}]}}