{"id":73480,"date":"2024-01-30T16:13:00","date_gmt":"2024-01-30T22:13:00","guid":{"rendered":"https:\/\/interaccionnoticias.com.mx\/?p=73480"},"modified":"2024-01-30T19:44:01","modified_gmt":"2024-01-31T01:44:01","slug":"confirma-mario-moreno-que-buscara-el-senado-y-que-ya-hay-muchos-avances-con-la-dirigencia-del-mc","status":"publish","type":"post","link":"https:\/\/www.interaccionnoticias.com.mx\/?p=73480","title":{"rendered":"Confirma Mario Moreno que buscar\u00e1 el Senado y que ya hay muchos avances con la dirigencia del MC"},"content":{"rendered":"\n<p><strong><em>&#8212; El ex candidato a la gubernatura de la alianza PRI-PRD sostiene que el 2 de junio representar\u00e1 una tercera v\u00eda, pues la elecci\u00f3n ya no ser\u00e1 solo entre las coaliciones<\/em><\/strong><\/p>\n\n\n\n<p><strong>Rogelio Agust\u00edn<\/strong><\/p>\n\n\n\n<p>El ex candidato a gobernador de la coalici\u00f3n PRI-PRD, Mario Moreno Arcos confirm\u00f3 que buscar\u00e1 la candidatura al Senado de la Rep\u00fablica abanderando al Movimiento Ciudadano (MC), partido pol\u00edtico con cuya dirigencia ya tiene pl\u00e1ticas muy avanzadas.<\/p>\n\n\n\n<p>Un d\u00eda despu\u00e9s de que Moreno Arcos confirmara su renuncia a su militancia en el PRI, manifest\u00f3 que en realidad, la separaci\u00f3n representa la oportunidad de que en los comicios de junio pr\u00f3ximo, en Guerrero haya una tercera v\u00eda.<\/p>\n\n\n\n<p>Lo anterior, porque en Guerrero se esperaba que la pugna por el Senado estuviera focalizada en las coaliciones que integran Morena, PT y PVEM frente a la del PRI, PAN y PRD.<\/p>\n\n\n\n<p>\u201cEs una oportunidad de construir a futuro, siempre pensando en Guerrero y en M\u00e9xico, que es al final de cuentas el proyecto\u201d, anot\u00f3.<\/p>\n\n\n\n<p>Manifest\u00f3 que se encuentra tranquilo, en paz por la decisi\u00f3n tomada y que solamente es cuesti\u00f3n de horas para definir la ruta electoral que va a seguir.<\/p>\n\n\n\n<p>Anticip\u00f3 que tiene una buena estructura en la entidad, una parte lo acompa\u00f1\u00f3 en la conferencia del lunes, pero hay m\u00e1s elementos que van a incorporarse en los pr\u00f3ximos d\u00edas.<\/p>\n\n\n\n<p>Agradeci\u00f3 los comentarios hechos en torno a su renuncia de parte del ex gobernador H\u00e9ctor Astudillo Flores, a quien se refiri\u00f3 como un hombre maduro y con visi\u00f3n de estado, que tiene tambi\u00e9n un panorama muy claro respecto a los que sucede con los desprendimientos.<\/p>\n\n\n\n<p>A pregunta expresa, Moreno Arcos sostuvo que lo que busca es contender espec\u00edficamente por un esca\u00f1o en el Senado de la Rep\u00fablica: \u201cYo estoy en la ruta de participar, ayer (lunes) lo dej\u00e9 entrever, habl\u00e9 de mi posible participaci\u00f3n y de aparecer en la boleta electoral en el mes de julio y que los ciudadanos tengan una alternativa m\u00e1s. La idea es buscar el Senado\u201d.<\/p>\n\n\n\n<p>Tambi\u00e9n precis\u00f3 que la fuerza con la que ha tenido charlas muy avanzadas es con el MC: \u201cYo traigo un acercamiento ah\u00ed, ellos tienen su Consejo Nacional el domingo, seguramente habr\u00e1n de definir ah\u00ed muchas cosas, ya tengo acercamiento con Dante (Delgado) y con Ivonne Ortega, ella es una persona con la que he tenido un fuerte acercamiento y pudiera ser una de las rutas m\u00e1s viables\u201d.<\/p>\n\n\n\n<p>Reconoci\u00f3 que MC actualmente tiene muy poca membres\u00eda en Guerrero, pero se\u00f1al\u00f3 que lo que ha notado entre sus bases es que hay mucho \u00e1nimo por ir a la contienda electoral con mucho que ganar y muy poco que perder.<\/p>\n","protected":false},"excerpt":{"rendered":"<p>&#8212; El ex candidato a la gubernatura de la alianza PRI-PRD sostiene que el 2 de junio representar\u00e1 una tercera v\u00eda, pues la elecci\u00f3n ya no ser\u00e1 solo entre las&hellip; <\/p>\n","protected":false},"author":21,"featured_media":73481,"comment_status":"open","ping_status":"open","sticky":false,"template":"","format":"standard","meta":{"fifu_image_url":"","fifu_image_alt":"","footnotes":""},"categories":[21],"tags":[],"class_list":["post-73480","post","type-post","status-publish","format-standard","has-post-thumbnail","hentry","category-politica"],"_links":{"self":[{"href":"https:\/\/www.interaccionnoticias.com.mx\/index.php?rest_route=\/wp\/v2\/posts\/73480","targetHints":{"allow":["GET"]}}],"collection":[{"href":"https:\/\/www.interaccionnoticias.com.mx\/index.php?rest_route=\/wp\/v2\/posts"}],"about":[{"href":"https:\/\/www.interaccionnoticias.com.mx\/index.php?rest_route=\/wp\/v2\/types\/post"}],"author":[{"embeddable":true,"href":"https:\/\/www.interaccionnoticias.com.mx\/index.php?rest_route=\/wp\/v2\/users\/21"}],"replies":[{"embeddable":true,"href":"https:\/\/www.interaccionnoticias.com.mx\/index.php?rest_route=%2Fwp%2Fv2%2Fcomments&post=73480"}],"version-history":[{"count":1,"href":"https:\/\/www.interaccionnoticias.com.mx\/index.php?rest_route=\/wp\/v2\/posts\/73480\/revisions"}],"predecessor-version":[{"id":73482,"href":"https:\/\/www.interaccionnoticias.com.mx\/index.php?rest_route=\/wp\/v2\/posts\/73480\/revisions\/73482"}],"wp:featuredmedia":[{"embeddable":true,"href":"https:\/\/www.interaccionnoticias.com.mx\/index.php?rest_route=\/wp\/v2\/media\/73481"}],"wp:attachment":[{"href":"https:\/\/www.interaccionnoticias.com.mx\/index.php?rest_route=%2Fwp%2Fv2%2Fmedia&parent=73480"}],"wp:term":[{"taxonomy":"category","embeddable":true,"href":"https:\/\/www.interaccionnoticias.com.mx\/index.php?rest_route=%2Fwp%2Fv2%2Fcategories&post=73480"},{"taxonomy":"post_tag","embeddable":true,"href":"https:\/\/www.interaccionnoticias.com.mx\/index.php?rest_route=%2Fwp%2Fv2%2Ftags&post=73480"}],"curies":[{"name":"wp","href":"https:\/\/api.w.org\/{rel}","templated":true}]}}