{"id":73445,"date":"2024-01-29T18:28:48","date_gmt":"2024-01-30T00:28:48","guid":{"rendered":"https:\/\/interaccionnoticias.com.mx\/?p=73445"},"modified":"2024-01-29T18:28:51","modified_gmt":"2024-01-30T00:28:51","slug":"lamentan-en-el-pri-guerrero-la-renuncia-de-mario-moreno-a-sus-30-anos-de-militancia","status":"publish","type":"post","link":"https:\/\/www.interaccionnoticias.com.mx\/?p=73445","title":{"rendered":"Lamentan en el PRI-Guerrero, la renuncia de Mario Moreno a sus 30 a\u00f1os de militancia"},"content":{"rendered":"\n<p><strong><em>&#8212; \u00abSe le dio un trato especial y siempre se le reconoci\u00f3 su liderazgo\u00bb, dice el dirigente estatal; Alejandro Bravo Abarca<br>&#8212; \u00abQuien se alegre o festeje, es porque no sabe sumar\u00bb, reproch\u00f3 el ex gobernador H\u00e9ctor Astudillo Flores<\/em><\/strong><\/p>\n\n\n\n<p><strong>Yasm\u00edn Garc\u00eda<\/strong><\/p>\n\n\n\n<p>Por separado, el ex gobernador H\u00e9ctor Astudillo Flores y el dirigente estatal del PRI, Alejandro Bravo Abarca lamentaron la renuncia del ex alcalde de Chilpancingo, Mario Moreno Arcos a su militancia de m\u00e1s de 30 a\u00f1os en el partido tricolor.<\/p>\n\n\n\n<p>La tarde del lunes, el presidente del Comit\u00e9 Directivo Estatal (CDE), Alejandro Bravo lament\u00f3 el desprendimiento de Moreno Arcos.<\/p>\n\n\n\n<p>En un desmarque de los malos tratos denunciados por quien fuera candidato a gobernador en los comicios de 2021, Bravo sostuvo que siempre le ofreci\u00f3 un trato especial y que le reconoci\u00f3 su liderazgo.<\/p>\n\n\n\n<p>El ex gobernador Astudillo Flores defini\u00f3 la renuncia dada a conocer la ma\u00f1ana del 29 de enero como un perjuicio colectivo al priismo de Guerrero.<\/p>\n\n\n\n<p>Astudillo Flores acompa\u00f1\u00f3 su comentario con una fotograf\u00eda en la que aparece junto a Moreno Arcos.<\/p>\n\n\n\n<p>Dijo que si alguien se alegra por dicha renuncia, es porque no sabe sumar.<\/p>\n\n\n\n<p>Y destac\u00f3: \u00abLas elecciones se ganan convocando siempre a la unidad y no atropellando, abrazo a Mario y mi reconocimiento siempre\u00bb.<\/p>\n\n\n\n<p>En la publicaci\u00f3n refiere que el tambi\u00e9n ex diputado local y diputado federal estuvo muy cerca de ser gobernador, por lo que tiene un patrimonio pol\u00edtico en el presente y el futuro.<\/p>\n\n\n\n<div class=\"wp-block-jetpack-slideshow aligncenter\" data-effect=\"slide\"><div class=\"wp-block-jetpack-slideshow_container swiper-container\"><ul class=\"wp-block-jetpack-slideshow_swiper-wrapper swiper-wrapper\"><li class=\"wp-block-jetpack-slideshow_slide swiper-slide\"><figure><img decoding=\"async\" src=\"data:image\/gif;base64,R0lGODlhAQABAIAAAAAAAP\/\/\/ywAAAAAAQABAAACAUwAOw==\" fifu-lazy=\"1\" fifu-data-sizes=\"auto\" fifu-data-srcset=\"https:\/\/i3.wp.com\/interaccionnoticias.com.mx\/wp-content\/uploads\/2024\/01\/IMG-20240129-WA0044-791x1024.jpg?ssl=1&w=75&resize=75&ssl=1 75w, https:\/\/i3.wp.com\/interaccionnoticias.com.mx\/wp-content\/uploads\/2024\/01\/IMG-20240129-WA0044-791x1024.jpg?ssl=1&w=100&resize=100&ssl=1 100w, https:\/\/i3.wp.com\/interaccionnoticias.com.mx\/wp-content\/uploads\/2024\/01\/IMG-20240129-WA0044-791x1024.jpg?ssl=1&w=150&resize=150&ssl=1 150w, https:\/\/i3.wp.com\/interaccionnoticias.com.mx\/wp-content\/uploads\/2024\/01\/IMG-20240129-WA0044-791x1024.jpg?ssl=1&w=240&resize=240&ssl=1 240w, https:\/\/i3.wp.com\/interaccionnoticias.com.mx\/wp-content\/uploads\/2024\/01\/IMG-20240129-WA0044-791x1024.jpg?ssl=1&w=320&resize=320&ssl=1 320w, https:\/\/i3.wp.com\/interaccionnoticias.com.mx\/wp-content\/uploads\/2024\/01\/IMG-20240129-WA0044-791x1024.jpg?ssl=1&w=500&resize=500&ssl=1 500w, https:\/\/i3.wp.com\/interaccionnoticias.com.mx\/wp-content\/uploads\/2024\/01\/IMG-20240129-WA0044-791x1024.jpg?ssl=1&w=640&resize=640&ssl=1 640w, https:\/\/i3.wp.com\/interaccionnoticias.com.mx\/wp-content\/uploads\/2024\/01\/IMG-20240129-WA0044-791x1024.jpg?ssl=1&w=800&resize=800&ssl=1 800w, https:\/\/i3.wp.com\/interaccionnoticias.com.mx\/wp-content\/uploads\/2024\/01\/IMG-20240129-WA0044-791x1024.jpg?ssl=1&w=1024&resize=1024&ssl=1 1024w, https:\/\/i3.wp.com\/interaccionnoticias.com.mx\/wp-content\/uploads\/2024\/01\/IMG-20240129-WA0044-791x1024.jpg?ssl=1&w=1280&resize=1280&ssl=1 1280w, https:\/\/i3.wp.com\/interaccionnoticias.com.mx\/wp-content\/uploads\/2024\/01\/IMG-20240129-WA0044-791x1024.jpg?ssl=1&w=1600&resize=1600&ssl=1 1600w\" alt=\"\" class=\"wp-block-jetpack-slideshow_image wp-image-73447\" data-id=\"73447\" fifu-data-src=\"https:\/\/i3.wp.com\/interaccionnoticias.com.mx\/wp-content\/uploads\/2024\/01\/IMG-20240129-WA0044-791x1024.jpg?ssl=1\"\/><\/figure><\/li><li class=\"wp-block-jetpack-slideshow_slide swiper-slide\"><figure><img decoding=\"async\" src=\"data:image\/gif;base64,R0lGODlhAQABAIAAAAAAAP\/\/\/ywAAAAAAQABAAACAUwAOw==\" fifu-lazy=\"1\" fifu-data-sizes=\"auto\" fifu-data-srcset=\"https:\/\/i3.wp.com\/interaccionnoticias.com.mx\/wp-content\/uploads\/2024\/01\/IMG-20240129-WA0043-964x1024.jpg?ssl=1&w=75&resize=75&ssl=1 75w, https:\/\/i3.wp.com\/interaccionnoticias.com.mx\/wp-content\/uploads\/2024\/01\/IMG-20240129-WA0043-964x1024.jpg?ssl=1&w=100&resize=100&ssl=1 100w, https:\/\/i3.wp.com\/interaccionnoticias.com.mx\/wp-content\/uploads\/2024\/01\/IMG-20240129-WA0043-964x1024.jpg?ssl=1&w=150&resize=150&ssl=1 150w, https:\/\/i3.wp.com\/interaccionnoticias.com.mx\/wp-content\/uploads\/2024\/01\/IMG-20240129-WA0043-964x1024.jpg?ssl=1&w=240&resize=240&ssl=1 240w, https:\/\/i3.wp.com\/interaccionnoticias.com.mx\/wp-content\/uploads\/2024\/01\/IMG-20240129-WA0043-964x1024.jpg?ssl=1&w=320&resize=320&ssl=1 320w, https:\/\/i3.wp.com\/interaccionnoticias.com.mx\/wp-content\/uploads\/2024\/01\/IMG-20240129-WA0043-964x1024.jpg?ssl=1&w=500&resize=500&ssl=1 500w, https:\/\/i3.wp.com\/interaccionnoticias.com.mx\/wp-content\/uploads\/2024\/01\/IMG-20240129-WA0043-964x1024.jpg?ssl=1&w=640&resize=640&ssl=1 640w, https:\/\/i3.wp.com\/interaccionnoticias.com.mx\/wp-content\/uploads\/2024\/01\/IMG-20240129-WA0043-964x1024.jpg?ssl=1&w=800&resize=800&ssl=1 800w, https:\/\/i3.wp.com\/interaccionnoticias.com.mx\/wp-content\/uploads\/2024\/01\/IMG-20240129-WA0043-964x1024.jpg?ssl=1&w=1024&resize=1024&ssl=1 1024w, https:\/\/i3.wp.com\/interaccionnoticias.com.mx\/wp-content\/uploads\/2024\/01\/IMG-20240129-WA0043-964x1024.jpg?ssl=1&w=1280&resize=1280&ssl=1 1280w, https:\/\/i3.wp.com\/interaccionnoticias.com.mx\/wp-content\/uploads\/2024\/01\/IMG-20240129-WA0043-964x1024.jpg?ssl=1&w=1600&resize=1600&ssl=1 1600w\" alt=\"\" class=\"wp-block-jetpack-slideshow_image wp-image-73448\" data-id=\"73448\" fifu-data-src=\"https:\/\/i3.wp.com\/interaccionnoticias.com.mx\/wp-content\/uploads\/2024\/01\/IMG-20240129-WA0043-964x1024.jpg?ssl=1\"\/><\/figure><\/li><\/ul><a class=\"wp-block-jetpack-slideshow_button-prev swiper-button-prev swiper-button-white\" role=\"button\"><\/a><a class=\"wp-block-jetpack-slideshow_button-next swiper-button-next swiper-button-white\" role=\"button\"><\/a><a aria-label=\"Pause Slideshow\" class=\"wp-block-jetpack-slideshow_button-pause\" role=\"button\"><\/a><div class=\"wp-block-jetpack-slideshow_pagination swiper-pagination swiper-pagination-white\"><\/div><\/div><\/div>\n","protected":false},"excerpt":{"rendered":"<p>&#8212; \u00abSe le dio un trato especial y siempre se le reconoci\u00f3 su liderazgo\u00bb, dice el dirigente estatal; Alejandro Bravo Abarca&#8212; \u00abQuien se alegre o festeje, es porque no sabe&hellip; <\/p>\n","protected":false},"author":32,"featured_media":73446,"comment_status":"open","ping_status":"open","sticky":false,"template":"","format":"standard","meta":{"fifu_image_url":"","fifu_image_alt":"","footnotes":""},"categories":[21],"tags":[],"class_list":["post-73445","post","type-post","status-publish","format-standard","has-post-thumbnail","hentry","category-politica"],"_links":{"self":[{"href":"https:\/\/www.interaccionnoticias.com.mx\/index.php?rest_route=\/wp\/v2\/posts\/73445","targetHints":{"allow":["GET"]}}],"collection":[{"href":"https:\/\/www.interaccionnoticias.com.mx\/index.php?rest_route=\/wp\/v2\/posts"}],"about":[{"href":"https:\/\/www.interaccionnoticias.com.mx\/index.php?rest_route=\/wp\/v2\/types\/post"}],"author":[{"embeddable":true,"href":"https:\/\/www.interaccionnoticias.com.mx\/index.php?rest_route=\/wp\/v2\/users\/32"}],"replies":[{"embeddable":true,"href":"https:\/\/www.interaccionnoticias.com.mx\/index.php?rest_route=%2Fwp%2Fv2%2Fcomments&post=73445"}],"version-history":[{"count":1,"href":"https:\/\/www.interaccionnoticias.com.mx\/index.php?rest_route=\/wp\/v2\/posts\/73445\/revisions"}],"predecessor-version":[{"id":73449,"href":"https:\/\/www.interaccionnoticias.com.mx\/index.php?rest_route=\/wp\/v2\/posts\/73445\/revisions\/73449"}],"wp:featuredmedia":[{"embeddable":true,"href":"https:\/\/www.interaccionnoticias.com.mx\/index.php?rest_route=\/wp\/v2\/media\/73446"}],"wp:attachment":[{"href":"https:\/\/www.interaccionnoticias.com.mx\/index.php?rest_route=%2Fwp%2Fv2%2Fmedia&parent=73445"}],"wp:term":[{"taxonomy":"category","embeddable":true,"href":"https:\/\/www.interaccionnoticias.com.mx\/index.php?rest_route=%2Fwp%2Fv2%2Fcategories&post=73445"},{"taxonomy":"post_tag","embeddable":true,"href":"https:\/\/www.interaccionnoticias.com.mx\/index.php?rest_route=%2Fwp%2Fv2%2Ftags&post=73445"}],"curies":[{"name":"wp","href":"https:\/\/api.w.org\/{rel}","templated":true}]}}