{"id":73442,"date":"2024-01-29T17:50:47","date_gmt":"2024-01-29T23:50:47","guid":{"rendered":"https:\/\/interaccionnoticias.com.mx\/?p=73442"},"modified":"2024-01-29T17:50:50","modified_gmt":"2024-01-29T23:50:50","slug":"rechaza-la-onu-que-grupos-de-autodefensa-armen-a-menores-como-sucede-en-guerrero","status":"publish","type":"post","link":"https:\/\/www.interaccionnoticias.com.mx\/?p=73442","title":{"rendered":"Rechaza la ONU que grupos de autodefensa armen a menores, como sucede en Guerrero"},"content":{"rendered":"\n<p><em><strong>&#8212; Es violatorio de los derechos internacionales de ni\u00f1os, ni\u00f1as y adolescentes: Alan Garc\u00eda<\/strong><\/em><\/p>\n\n\n\n<p><strong>Rosario Garc\u00eda Orozco<\/strong><\/p>\n\n\n\n<p>El Coordinador de la Unidad de Graves Violaciones de Derechos Humanos de la Organizaci\u00f3n de las Naciones Unidas (ONU), Alan Garc\u00eda Campos, rechaz\u00f3 que grupos de polic\u00edas comunitarios armen a menores, porque \u00abes violatorio de los derechos internacionales de los ni\u00f1os, ni\u00f1as y adolescentes\u00bb.<\/p>\n\n\n\n<p>El representante de la ONU acudi\u00f3 a la presentaci\u00f3n del informe anual de actividades del Centro de Derechos Humanos de La Monta\u00f1a \u00abTlachinollan\u00bb, quien hizo un llamado a las autoridades encargadas de proveer justicia y seguridad en la entidad para que \u00abcumplan con sus responsabilidades internacionales y que todos los actores se abstengan de reclutar a personas menores de edad en esas corporaciones\u00bb.<\/p>\n\n\n\n<p>El pasado 23 de enero, fueron presentados en la localidad de Ayahualtempa, municipio de Jos\u00e9 Joaqu\u00edn de Herrera, 15 ni\u00f1os y 5 ni\u00f1as, con edades de 11 a 15 a\u00f1os, como integrantes de la polic\u00eda comunitaria del lugar.<\/p>\n\n\n\n<p>Al respecto, Alan Garc\u00eda agreg\u00f3 que de acuerdo a los est\u00e1ndares internacionales, a cualquier tipo de organizaci\u00f3n social o criminal le est\u00e1 vedado reclutar ni\u00f1os, ni\u00f1as o adolescentes, \u00abes una norma clara del derecho internacional\u00bb.<\/p>\n\n\n\n<p>Reconoci\u00f3 la situaci\u00f3n de violencia que vive Guerrero y otras entidades federativas, \u00abpero eso no justifica el reclutamiento de menores de edad en ese tipo de grupos armados, y reiter\u00f3 el llamado para que las autoridades cumplan con su obligaci\u00f3n de garantizar la paz, la tranquilidad y la seguridad, para desarrollar las capacidades institucionales de las corporaciones encargadas de brindar esa seguridad, y de investigar ese tipo de conductas, a efecto de que ning\u00fan ni\u00f1o o ni\u00f1a trunque su proyecto de vida y pueda avocarse a lo que tendr\u00eda que ser, de acuerdo a su desarrollo en raz\u00f3n de su edad, y puedan efectivamente materializar sus sue\u00f1os y aspiraciones de vida\u00bb.<\/p>\n\n\n\n<p>Garc\u00eda Campos record\u00f3 que al igual que Guerrero, en Michoac\u00e1n tambi\u00e9n se han registrado hechos como la incorporaci\u00f3n de menores a grupos de civiles armados, \u00abesto no tendr\u00eda que ocurrir en ninguna entidad federativa, pero tampoco en ning\u00fan lugar del mundo\u00bb.<\/p>\n\n\n\n<p>Mencion\u00f3 que en la ONU \u00abestamos muy conscientes de los retos que tiene el Estado mexicano por los \u00edndices de inseguridad, pero no es la v\u00eda, no es la ruta, no se justifica, porque reclutar ni\u00f1os y ni\u00f1as es un acto de violencia contra personas que est\u00e1n desarrollando un proyecto de vida acorde a su edad, y a\u00fan no tienen plena conciencia de lo que significa participar en estos espacios\u00bb.<\/p>\n\n\n\n<p>Finalmente, Alan Garc\u00eda consider\u00f3 que la investigaci\u00f3n que inici\u00f3 la Fiscal\u00eda General del Estado por el delito de corrupci\u00f3n de menores contra integrantes de la Polic\u00eda Comunitaria de Ayahualtempa, \u00abse tiene que seguir de manera puntal y objetiva para determinar cu\u00e1l es la potencial conducta criminal que se est\u00e1 materializando y que llegue a buen puerto, a efecto de deslindar las responsabilidades y que las personas responsables de esta acci\u00f3n indevida rindan cuentas ante la justicia\u00bb.<\/p>\n","protected":false},"excerpt":{"rendered":"<p>&#8212; Es violatorio de los derechos internacionales de ni\u00f1os, ni\u00f1as y adolescentes: Alan Garc\u00eda Rosario Garc\u00eda Orozco El Coordinador de la Unidad de Graves Violaciones de Derechos Humanos de la&hellip; <\/p>\n","protected":false},"author":14,"featured_media":73443,"comment_status":"open","ping_status":"open","sticky":false,"template":"","format":"standard","meta":{"fifu_image_url":"","fifu_image_alt":"","footnotes":""},"categories":[11],"tags":[],"class_list":["post-73442","post","type-post","status-publish","format-standard","has-post-thumbnail","hentry","category-guerrero"],"_links":{"self":[{"href":"https:\/\/www.interaccionnoticias.com.mx\/index.php?rest_route=\/wp\/v2\/posts\/73442","targetHints":{"allow":["GET"]}}],"collection":[{"href":"https:\/\/www.interaccionnoticias.com.mx\/index.php?rest_route=\/wp\/v2\/posts"}],"about":[{"href":"https:\/\/www.interaccionnoticias.com.mx\/index.php?rest_route=\/wp\/v2\/types\/post"}],"author":[{"embeddable":true,"href":"https:\/\/www.interaccionnoticias.com.mx\/index.php?rest_route=\/wp\/v2\/users\/14"}],"replies":[{"embeddable":true,"href":"https:\/\/www.interaccionnoticias.com.mx\/index.php?rest_route=%2Fwp%2Fv2%2Fcomments&post=73442"}],"version-history":[{"count":1,"href":"https:\/\/www.interaccionnoticias.com.mx\/index.php?rest_route=\/wp\/v2\/posts\/73442\/revisions"}],"predecessor-version":[{"id":73444,"href":"https:\/\/www.interaccionnoticias.com.mx\/index.php?rest_route=\/wp\/v2\/posts\/73442\/revisions\/73444"}],"wp:featuredmedia":[{"embeddable":true,"href":"https:\/\/www.interaccionnoticias.com.mx\/index.php?rest_route=\/wp\/v2\/media\/73443"}],"wp:attachment":[{"href":"https:\/\/www.interaccionnoticias.com.mx\/index.php?rest_route=%2Fwp%2Fv2%2Fmedia&parent=73442"}],"wp:term":[{"taxonomy":"category","embeddable":true,"href":"https:\/\/www.interaccionnoticias.com.mx\/index.php?rest_route=%2Fwp%2Fv2%2Fcategories&post=73442"},{"taxonomy":"post_tag","embeddable":true,"href":"https:\/\/www.interaccionnoticias.com.mx\/index.php?rest_route=%2Fwp%2Fv2%2Ftags&post=73442"}],"curies":[{"name":"wp","href":"https:\/\/api.w.org\/{rel}","templated":true}]}}