{"id":73435,"date":"2024-01-29T17:30:55","date_gmt":"2024-01-29T23:30:55","guid":{"rendered":"https:\/\/interaccionnoticias.com.mx\/?p=73435"},"modified":"2024-01-29T17:30:58","modified_gmt":"2024-01-29T23:30:58","slug":"con-dificultades-pero-se-reactiva-el-transporte-publico-en-taxco","status":"publish","type":"post","link":"https:\/\/www.interaccionnoticias.com.mx\/?p=73435","title":{"rendered":"Con dificultades, pero se reactiva el transporte p\u00fablico en Taxco"},"content":{"rendered":"\n<p><strong><em>&#8212; En forma gradual, comienzan a circular las rutas que cubren el centro y las colonias de la ciudad colonial<\/em><\/strong><\/p>\n\n\n\n<p><strong>Rogelio Agust\u00edn<\/strong><\/p>\n\n\n\n<p>Con dificultades, pero este lunes se reactivaron algunas rutas del transporte urbano de Taxco de Alarc\u00f3n.<\/p>\n\n\n\n<p>La noche del domingo 28 de enero, el Gobierno del Estado emiti\u00f3 un comunicado en que dio a conocer que a partir del di\u00e1logo que desde la semana pasada sosten\u00edan autoridades de los tres niveles, se hab\u00eda pactado la reanudaci\u00f3n del servicio para este lunes.<\/p>\n\n\n\n<p>Hasta la 08:00 horas, vecinos de la cabecera municipal se quejaban de que las unidades que circulan por el centro de la ciudad platera todav\u00eda no circulaban.<\/p>\n\n\n\n<p>Sin embargo, entre las 09:00 y 10:00 comenzaron a circular las rutas que pasan cerca de la terminal Estrella de Oro, la colonia Emiliano Zapata, Terminal-Fovissste, Gigante- Pedro Mart\u00edn; la ruta que va de Prepa Vicente Guerrero a Capilintla y Los Arcos.<\/p>\n\n\n\n<p>Tambi\u00e9n se pudo corroborar que comenzaban a circular unidades de la ruta Casahuates- Parque y la ruta hacia las instalaciones del Gas Misi\u00f3n.<\/p>\n\n\n\n<p>Se indic\u00f3 que en las entradas sur y norte, as\u00ed como puntos considerados como estrat\u00e9gicos de Taxco se observaba presencia de la Guardia Nacional, del Ej\u00e9rcito Mexicano y Polic\u00eda del Estado.<\/p>\n\n\n\n<p>Para las 13:00 horas, la Secretar\u00eda de Seguridad P\u00fablica (SSP) inform\u00f3 que la Direcci\u00f3n General de Prevenci\u00f3n Social del delito realizaba acciones de proximidad, con personal que realizaba pl\u00e1ticas en el hospital general Adolfo Prieto.<\/p>\n\n\n\n<p>La intenci\u00f3n, de acuerdo con el comunicado, era acercar a la poblaci\u00f3n las herramientas disponibles para inhibir la comisi\u00f3n de delitos que han afectado a la poblaci\u00f3n de dicha localidad desde hace varios meses, entre ellos el de la extorsi\u00f3n.<\/p>\n\n\n\n<p>El domingo 28 de enero, se cumpli\u00f3 una semana de que taxis y urvans dejaran circular, a consecuencia de las amenazas ejercidas en su contra por parte del crimen organizado.<\/p>\n\n\n\n<p>Los choferes se\u00f1alaron que adem\u00e1s de pagar piso, los delincuentes los obligan a fungir como informantes, situaci\u00f3n que los coloca en una posici\u00f3n de riesgo.<\/p>\n\n\n\n<div class=\"wp-block-jetpack-slideshow aligncenter\" data-effect=\"slide\"><div class=\"wp-block-jetpack-slideshow_container swiper-container\"><ul class=\"wp-block-jetpack-slideshow_swiper-wrapper swiper-wrapper\"><li class=\"wp-block-jetpack-slideshow_slide swiper-slide\"><figure><img decoding=\"async\" src=\"data:image\/gif;base64,R0lGODlhAQABAIAAAAAAAP\/\/\/ywAAAAAAQABAAACAUwAOw==\" fifu-lazy=\"1\" fifu-data-sizes=\"auto\" fifu-data-srcset=\"https:\/\/i2.wp.com\/interaccionnoticias.com.mx\/wp-content\/uploads\/2024\/01\/240129-transporte-publico-en-Taxco-1-1024x683.jpg?ssl=1&w=75&resize=75&ssl=1 75w, https:\/\/i2.wp.com\/interaccionnoticias.com.mx\/wp-content\/uploads\/2024\/01\/240129-transporte-publico-en-Taxco-1-1024x683.jpg?ssl=1&w=100&resize=100&ssl=1 100w, https:\/\/i2.wp.com\/interaccionnoticias.com.mx\/wp-content\/uploads\/2024\/01\/240129-transporte-publico-en-Taxco-1-1024x683.jpg?ssl=1&w=150&resize=150&ssl=1 150w, https:\/\/i2.wp.com\/interaccionnoticias.com.mx\/wp-content\/uploads\/2024\/01\/240129-transporte-publico-en-Taxco-1-1024x683.jpg?ssl=1&w=240&resize=240&ssl=1 240w, https:\/\/i2.wp.com\/interaccionnoticias.com.mx\/wp-content\/uploads\/2024\/01\/240129-transporte-publico-en-Taxco-1-1024x683.jpg?ssl=1&w=320&resize=320&ssl=1 320w, https:\/\/i2.wp.com\/interaccionnoticias.com.mx\/wp-content\/uploads\/2024\/01\/240129-transporte-publico-en-Taxco-1-1024x683.jpg?ssl=1&w=500&resize=500&ssl=1 500w, https:\/\/i2.wp.com\/interaccionnoticias.com.mx\/wp-content\/uploads\/2024\/01\/240129-transporte-publico-en-Taxco-1-1024x683.jpg?ssl=1&w=640&resize=640&ssl=1 640w, https:\/\/i2.wp.com\/interaccionnoticias.com.mx\/wp-content\/uploads\/2024\/01\/240129-transporte-publico-en-Taxco-1-1024x683.jpg?ssl=1&w=800&resize=800&ssl=1 800w, https:\/\/i2.wp.com\/interaccionnoticias.com.mx\/wp-content\/uploads\/2024\/01\/240129-transporte-publico-en-Taxco-1-1024x683.jpg?ssl=1&w=1024&resize=1024&ssl=1 1024w, https:\/\/i2.wp.com\/interaccionnoticias.com.mx\/wp-content\/uploads\/2024\/01\/240129-transporte-publico-en-Taxco-1-1024x683.jpg?ssl=1&w=1280&resize=1280&ssl=1 1280w, https:\/\/i2.wp.com\/interaccionnoticias.com.mx\/wp-content\/uploads\/2024\/01\/240129-transporte-publico-en-Taxco-1-1024x683.jpg?ssl=1&w=1600&resize=1600&ssl=1 1600w\" alt=\"\" class=\"wp-block-jetpack-slideshow_image wp-image-73437\" data-id=\"73437\" fifu-data-src=\"https:\/\/i2.wp.com\/interaccionnoticias.com.mx\/wp-content\/uploads\/2024\/01\/240129-transporte-publico-en-Taxco-1-1024x683.jpg?ssl=1\"\/><\/figure><\/li><li class=\"wp-block-jetpack-slideshow_slide swiper-slide\"><figure><img decoding=\"async\" src=\"data:image\/gif;base64,R0lGODlhAQABAIAAAAAAAP\/\/\/ywAAAAAAQABAAACAUwAOw==\" fifu-lazy=\"1\" fifu-data-sizes=\"auto\" fifu-data-srcset=\"https:\/\/i0.wp.com\/interaccionnoticias.com.mx\/wp-content\/uploads\/2024\/01\/240129-transporte-publico-en-Taxco-1024x683.jpg?ssl=1&w=75&resize=75&ssl=1 75w, https:\/\/i0.wp.com\/interaccionnoticias.com.mx\/wp-content\/uploads\/2024\/01\/240129-transporte-publico-en-Taxco-1024x683.jpg?ssl=1&w=100&resize=100&ssl=1 100w, https:\/\/i0.wp.com\/interaccionnoticias.com.mx\/wp-content\/uploads\/2024\/01\/240129-transporte-publico-en-Taxco-1024x683.jpg?ssl=1&w=150&resize=150&ssl=1 150w, https:\/\/i0.wp.com\/interaccionnoticias.com.mx\/wp-content\/uploads\/2024\/01\/240129-transporte-publico-en-Taxco-1024x683.jpg?ssl=1&w=240&resize=240&ssl=1 240w, https:\/\/i0.wp.com\/interaccionnoticias.com.mx\/wp-content\/uploads\/2024\/01\/240129-transporte-publico-en-Taxco-1024x683.jpg?ssl=1&w=320&resize=320&ssl=1 320w, https:\/\/i0.wp.com\/interaccionnoticias.com.mx\/wp-content\/uploads\/2024\/01\/240129-transporte-publico-en-Taxco-1024x683.jpg?ssl=1&w=500&resize=500&ssl=1 500w, https:\/\/i0.wp.com\/interaccionnoticias.com.mx\/wp-content\/uploads\/2024\/01\/240129-transporte-publico-en-Taxco-1024x683.jpg?ssl=1&w=640&resize=640&ssl=1 640w, https:\/\/i0.wp.com\/interaccionnoticias.com.mx\/wp-content\/uploads\/2024\/01\/240129-transporte-publico-en-Taxco-1024x683.jpg?ssl=1&w=800&resize=800&ssl=1 800w, https:\/\/i0.wp.com\/interaccionnoticias.com.mx\/wp-content\/uploads\/2024\/01\/240129-transporte-publico-en-Taxco-1024x683.jpg?ssl=1&w=1024&resize=1024&ssl=1 1024w, https:\/\/i0.wp.com\/interaccionnoticias.com.mx\/wp-content\/uploads\/2024\/01\/240129-transporte-publico-en-Taxco-1024x683.jpg?ssl=1&w=1280&resize=1280&ssl=1 1280w, https:\/\/i0.wp.com\/interaccionnoticias.com.mx\/wp-content\/uploads\/2024\/01\/240129-transporte-publico-en-Taxco-1024x683.jpg?ssl=1&w=1600&resize=1600&ssl=1 1600w\" alt=\"\" class=\"wp-block-jetpack-slideshow_image wp-image-73436\" data-id=\"73436\" fifu-data-src=\"https:\/\/i0.wp.com\/interaccionnoticias.com.mx\/wp-content\/uploads\/2024\/01\/240129-transporte-publico-en-Taxco-1024x683.jpg?ssl=1\"\/><\/figure><\/li><\/ul><a class=\"wp-block-jetpack-slideshow_button-prev swiper-button-prev swiper-button-white\" role=\"button\"><\/a><a class=\"wp-block-jetpack-slideshow_button-next swiper-button-next swiper-button-white\" role=\"button\"><\/a><a aria-label=\"Pause Slideshow\" class=\"wp-block-jetpack-slideshow_button-pause\" role=\"button\"><\/a><div class=\"wp-block-jetpack-slideshow_pagination swiper-pagination swiper-pagination-white\"><\/div><\/div><\/div>\n","protected":false},"excerpt":{"rendered":"<p>&#8212; En forma gradual, comienzan a circular las rutas que cubren el centro y las colonias de la ciudad colonial Rogelio Agust\u00edn Con dificultades, pero este lunes se reactivaron algunas&hellip; <\/p>\n","protected":false},"author":21,"featured_media":73436,"comment_status":"open","ping_status":"open","sticky":false,"template":"","format":"standard","meta":{"fifu_image_url":"","fifu_image_alt":"","footnotes":""},"categories":[23],"tags":[],"class_list":["post-73435","post","type-post","status-publish","format-standard","has-post-thumbnail","hentry","category-regionales"],"_links":{"self":[{"href":"https:\/\/www.interaccionnoticias.com.mx\/index.php?rest_route=\/wp\/v2\/posts\/73435","targetHints":{"allow":["GET"]}}],"collection":[{"href":"https:\/\/www.interaccionnoticias.com.mx\/index.php?rest_route=\/wp\/v2\/posts"}],"about":[{"href":"https:\/\/www.interaccionnoticias.com.mx\/index.php?rest_route=\/wp\/v2\/types\/post"}],"author":[{"embeddable":true,"href":"https:\/\/www.interaccionnoticias.com.mx\/index.php?rest_route=\/wp\/v2\/users\/21"}],"replies":[{"embeddable":true,"href":"https:\/\/www.interaccionnoticias.com.mx\/index.php?rest_route=%2Fwp%2Fv2%2Fcomments&post=73435"}],"version-history":[{"count":1,"href":"https:\/\/www.interaccionnoticias.com.mx\/index.php?rest_route=\/wp\/v2\/posts\/73435\/revisions"}],"predecessor-version":[{"id":73438,"href":"https:\/\/www.interaccionnoticias.com.mx\/index.php?rest_route=\/wp\/v2\/posts\/73435\/revisions\/73438"}],"wp:featuredmedia":[{"embeddable":true,"href":"https:\/\/www.interaccionnoticias.com.mx\/index.php?rest_route=\/wp\/v2\/media\/73436"}],"wp:attachment":[{"href":"https:\/\/www.interaccionnoticias.com.mx\/index.php?rest_route=%2Fwp%2Fv2%2Fmedia&parent=73435"}],"wp:term":[{"taxonomy":"category","embeddable":true,"href":"https:\/\/www.interaccionnoticias.com.mx\/index.php?rest_route=%2Fwp%2Fv2%2Fcategories&post=73435"},{"taxonomy":"post_tag","embeddable":true,"href":"https:\/\/www.interaccionnoticias.com.mx\/index.php?rest_route=%2Fwp%2Fv2%2Ftags&post=73435"}],"curies":[{"name":"wp","href":"https:\/\/api.w.org\/{rel}","templated":true}]}}