{"id":73430,"date":"2024-01-29T17:17:28","date_gmt":"2024-01-29T23:17:28","guid":{"rendered":"https:\/\/interaccionnoticias.com.mx\/?p=73430"},"modified":"2024-01-29T17:17:31","modified_gmt":"2024-01-29T23:17:31","slug":"protestan-en-palacio-de-gobierno-para-exigir-la-localizacion-con-vida-de-trabajador-del-poder-judicial","status":"publish","type":"post","link":"https:\/\/www.interaccionnoticias.com.mx\/?p=73430","title":{"rendered":"Protestan en palacio de gobierno para exigir la localizaci\u00f3n con vida de trabajador del Poder Judicial"},"content":{"rendered":"\n<p><strong><em>&#8212; Sigifredo Villalba desapareci\u00f3 el pasado 7 de enero, cuando se dirig\u00eda al centro de la ciudad<\/em><\/strong><\/p>\n\n\n\n<p><strong>Yasm\u00edn Garc\u00eda<\/strong><\/p>\n\n\n\n<p>Trabajadores del Tribunal Superior de Justicia (TSJ) y familiares de Sigifredo Villalva Torres protestaron en las instalaciones de Palacio de Gobierno, exigen su aparici\u00f3n con vida, ya que desconocen su paradero desde el pasado 7 de enero.<\/p>\n\n\n\n<p>Gemma Ant\u00fanez Flores, representante del Colectivo de Familiares en B\u00fasqueda de Desaparecidos \u00abMar\u00eda Herrera\u00bb, brind\u00f3 acompa\u00f1amiento a los amigos y familiares de Sigifredo Villalba.<\/p>\n\n\n\n<p>Durante la protesta, los manifestantes pidieron una audiencia con la gobernadora Evelyn Salgado Pineda, para plantearle de manera directa el asunto.<\/p>\n\n\n\n<p>Como no recib\u00edan respuesta, los manifestantes decidieron bloquear el Bulevar Vicente Guerrero en los carriles Norte-Sur, lo que gener\u00f3 un importante caos vial en la ciudad.<\/p>\n\n\n\n<p>La activista Gemma Ant\u00fanez recrimin\u00f3 que las desapariciones forzadas en la entidad van en incrementado debido a ola de violencia que se vive, destacando casos en la capital, el puerto de Acapulco, la Tierra Caliente y la regi\u00f3n Norte.<\/p>\n\n\n\n<p>\u00abEstamos viviendo m\u00e1s que nunca esta ola de violencia, Taxco una situaci\u00f3n dif\u00edcil no hay transporte, lo que hace dif\u00edcil que ya gente se pueda trasladar, en Iguala la situaci\u00f3n tambi\u00e9n es lamentable una situaci\u00f3n muy dram\u00e1tica, dolorosa que vemos con tristeza\u00bb, asegur\u00f3.<\/p>\n\n\n\n<p>Los manifestantes tambi\u00e9n exigieron a la fiscal general del estado, Sandra Luz Valdovinos Salmer\u00f3n para realizar b\u00fasquedas en campo y dar con el paradero de Sigifredo Villalba, cuya familia en estos momentos se encuentra sumamente desesperada.<\/p>\n\n\n\n<div class=\"wp-block-jetpack-slideshow aligncenter\" data-effect=\"slide\"><div class=\"wp-block-jetpack-slideshow_container swiper-container\"><ul class=\"wp-block-jetpack-slideshow_swiper-wrapper swiper-wrapper\"><li class=\"wp-block-jetpack-slideshow_slide swiper-slide\"><figure><img decoding=\"async\" src=\"data:image\/gif;base64,R0lGODlhAQABAIAAAAAAAP\/\/\/ywAAAAAAQABAAACAUwAOw==\" fifu-lazy=\"1\" fifu-data-sizes=\"auto\" fifu-data-srcset=\"https:\/\/i1.wp.com\/interaccionnoticias.com.mx\/wp-content\/uploads\/2024\/01\/240129-Sigifredo-Villalva-Torres-1024x683.jpg?ssl=1&w=75&resize=75&ssl=1 75w, https:\/\/i1.wp.com\/interaccionnoticias.com.mx\/wp-content\/uploads\/2024\/01\/240129-Sigifredo-Villalva-Torres-1024x683.jpg?ssl=1&w=100&resize=100&ssl=1 100w, https:\/\/i1.wp.com\/interaccionnoticias.com.mx\/wp-content\/uploads\/2024\/01\/240129-Sigifredo-Villalva-Torres-1024x683.jpg?ssl=1&w=150&resize=150&ssl=1 150w, https:\/\/i1.wp.com\/interaccionnoticias.com.mx\/wp-content\/uploads\/2024\/01\/240129-Sigifredo-Villalva-Torres-1024x683.jpg?ssl=1&w=240&resize=240&ssl=1 240w, https:\/\/i1.wp.com\/interaccionnoticias.com.mx\/wp-content\/uploads\/2024\/01\/240129-Sigifredo-Villalva-Torres-1024x683.jpg?ssl=1&w=320&resize=320&ssl=1 320w, https:\/\/i1.wp.com\/interaccionnoticias.com.mx\/wp-content\/uploads\/2024\/01\/240129-Sigifredo-Villalva-Torres-1024x683.jpg?ssl=1&w=500&resize=500&ssl=1 500w, https:\/\/i1.wp.com\/interaccionnoticias.com.mx\/wp-content\/uploads\/2024\/01\/240129-Sigifredo-Villalva-Torres-1024x683.jpg?ssl=1&w=640&resize=640&ssl=1 640w, https:\/\/i1.wp.com\/interaccionnoticias.com.mx\/wp-content\/uploads\/2024\/01\/240129-Sigifredo-Villalva-Torres-1024x683.jpg?ssl=1&w=800&resize=800&ssl=1 800w, https:\/\/i1.wp.com\/interaccionnoticias.com.mx\/wp-content\/uploads\/2024\/01\/240129-Sigifredo-Villalva-Torres-1024x683.jpg?ssl=1&w=1024&resize=1024&ssl=1 1024w, https:\/\/i1.wp.com\/interaccionnoticias.com.mx\/wp-content\/uploads\/2024\/01\/240129-Sigifredo-Villalva-Torres-1024x683.jpg?ssl=1&w=1280&resize=1280&ssl=1 1280w, https:\/\/i1.wp.com\/interaccionnoticias.com.mx\/wp-content\/uploads\/2024\/01\/240129-Sigifredo-Villalva-Torres-1024x683.jpg?ssl=1&w=1600&resize=1600&ssl=1 1600w\" alt=\"\" class=\"wp-block-jetpack-slideshow_image wp-image-73431\" data-id=\"73431\" fifu-data-src=\"https:\/\/i1.wp.com\/interaccionnoticias.com.mx\/wp-content\/uploads\/2024\/01\/240129-Sigifredo-Villalva-Torres-1024x683.jpg?ssl=1\"\/><\/figure><\/li><li class=\"wp-block-jetpack-slideshow_slide swiper-slide\"><figure><img decoding=\"async\" src=\"data:image\/gif;base64,R0lGODlhAQABAIAAAAAAAP\/\/\/ywAAAAAAQABAAACAUwAOw==\" fifu-lazy=\"1\" fifu-data-sizes=\"auto\" fifu-data-srcset=\"https:\/\/i1.wp.com\/interaccionnoticias.com.mx\/wp-content\/uploads\/2024\/01\/240129-Sigifredo-Villalva-Torres-1-1024x683.jpg?ssl=1&w=75&resize=75&ssl=1 75w, https:\/\/i1.wp.com\/interaccionnoticias.com.mx\/wp-content\/uploads\/2024\/01\/240129-Sigifredo-Villalva-Torres-1-1024x683.jpg?ssl=1&w=100&resize=100&ssl=1 100w, https:\/\/i1.wp.com\/interaccionnoticias.com.mx\/wp-content\/uploads\/2024\/01\/240129-Sigifredo-Villalva-Torres-1-1024x683.jpg?ssl=1&w=150&resize=150&ssl=1 150w, https:\/\/i1.wp.com\/interaccionnoticias.com.mx\/wp-content\/uploads\/2024\/01\/240129-Sigifredo-Villalva-Torres-1-1024x683.jpg?ssl=1&w=240&resize=240&ssl=1 240w, https:\/\/i1.wp.com\/interaccionnoticias.com.mx\/wp-content\/uploads\/2024\/01\/240129-Sigifredo-Villalva-Torres-1-1024x683.jpg?ssl=1&w=320&resize=320&ssl=1 320w, https:\/\/i1.wp.com\/interaccionnoticias.com.mx\/wp-content\/uploads\/2024\/01\/240129-Sigifredo-Villalva-Torres-1-1024x683.jpg?ssl=1&w=500&resize=500&ssl=1 500w, https:\/\/i1.wp.com\/interaccionnoticias.com.mx\/wp-content\/uploads\/2024\/01\/240129-Sigifredo-Villalva-Torres-1-1024x683.jpg?ssl=1&w=640&resize=640&ssl=1 640w, https:\/\/i1.wp.com\/interaccionnoticias.com.mx\/wp-content\/uploads\/2024\/01\/240129-Sigifredo-Villalva-Torres-1-1024x683.jpg?ssl=1&w=800&resize=800&ssl=1 800w, https:\/\/i1.wp.com\/interaccionnoticias.com.mx\/wp-content\/uploads\/2024\/01\/240129-Sigifredo-Villalva-Torres-1-1024x683.jpg?ssl=1&w=1024&resize=1024&ssl=1 1024w, https:\/\/i1.wp.com\/interaccionnoticias.com.mx\/wp-content\/uploads\/2024\/01\/240129-Sigifredo-Villalva-Torres-1-1024x683.jpg?ssl=1&w=1280&resize=1280&ssl=1 1280w, https:\/\/i1.wp.com\/interaccionnoticias.com.mx\/wp-content\/uploads\/2024\/01\/240129-Sigifredo-Villalva-Torres-1-1024x683.jpg?ssl=1&w=1600&resize=1600&ssl=1 1600w\" alt=\"\" class=\"wp-block-jetpack-slideshow_image wp-image-73432\" data-id=\"73432\" fifu-data-src=\"https:\/\/i1.wp.com\/interaccionnoticias.com.mx\/wp-content\/uploads\/2024\/01\/240129-Sigifredo-Villalva-Torres-1-1024x683.jpg?ssl=1\"\/><\/figure><\/li><li class=\"wp-block-jetpack-slideshow_slide swiper-slide\"><figure><img decoding=\"async\" src=\"data:image\/gif;base64,R0lGODlhAQABAIAAAAAAAP\/\/\/ywAAAAAAQABAAACAUwAOw==\" fifu-lazy=\"1\" fifu-data-sizes=\"auto\" fifu-data-srcset=\"https:\/\/i2.wp.com\/interaccionnoticias.com.mx\/wp-content\/uploads\/2024\/01\/240129-Sigifredo-Villalva-Torres-2-1024x683.jpg?ssl=1&w=75&resize=75&ssl=1 75w, https:\/\/i2.wp.com\/interaccionnoticias.com.mx\/wp-content\/uploads\/2024\/01\/240129-Sigifredo-Villalva-Torres-2-1024x683.jpg?ssl=1&w=100&resize=100&ssl=1 100w, https:\/\/i2.wp.com\/interaccionnoticias.com.mx\/wp-content\/uploads\/2024\/01\/240129-Sigifredo-Villalva-Torres-2-1024x683.jpg?ssl=1&w=150&resize=150&ssl=1 150w, https:\/\/i2.wp.com\/interaccionnoticias.com.mx\/wp-content\/uploads\/2024\/01\/240129-Sigifredo-Villalva-Torres-2-1024x683.jpg?ssl=1&w=240&resize=240&ssl=1 240w, https:\/\/i2.wp.com\/interaccionnoticias.com.mx\/wp-content\/uploads\/2024\/01\/240129-Sigifredo-Villalva-Torres-2-1024x683.jpg?ssl=1&w=320&resize=320&ssl=1 320w, https:\/\/i2.wp.com\/interaccionnoticias.com.mx\/wp-content\/uploads\/2024\/01\/240129-Sigifredo-Villalva-Torres-2-1024x683.jpg?ssl=1&w=500&resize=500&ssl=1 500w, https:\/\/i2.wp.com\/interaccionnoticias.com.mx\/wp-content\/uploads\/2024\/01\/240129-Sigifredo-Villalva-Torres-2-1024x683.jpg?ssl=1&w=640&resize=640&ssl=1 640w, https:\/\/i2.wp.com\/interaccionnoticias.com.mx\/wp-content\/uploads\/2024\/01\/240129-Sigifredo-Villalva-Torres-2-1024x683.jpg?ssl=1&w=800&resize=800&ssl=1 800w, https:\/\/i2.wp.com\/interaccionnoticias.com.mx\/wp-content\/uploads\/2024\/01\/240129-Sigifredo-Villalva-Torres-2-1024x683.jpg?ssl=1&w=1024&resize=1024&ssl=1 1024w, https:\/\/i2.wp.com\/interaccionnoticias.com.mx\/wp-content\/uploads\/2024\/01\/240129-Sigifredo-Villalva-Torres-2-1024x683.jpg?ssl=1&w=1280&resize=1280&ssl=1 1280w, https:\/\/i2.wp.com\/interaccionnoticias.com.mx\/wp-content\/uploads\/2024\/01\/240129-Sigifredo-Villalva-Torres-2-1024x683.jpg?ssl=1&w=1600&resize=1600&ssl=1 1600w\" alt=\"\" class=\"wp-block-jetpack-slideshow_image wp-image-73433\" data-id=\"73433\" fifu-data-src=\"https:\/\/i2.wp.com\/interaccionnoticias.com.mx\/wp-content\/uploads\/2024\/01\/240129-Sigifredo-Villalva-Torres-2-1024x683.jpg?ssl=1\"\/><\/figure><\/li><\/ul><a class=\"wp-block-jetpack-slideshow_button-prev swiper-button-prev swiper-button-white\" role=\"button\"><\/a><a class=\"wp-block-jetpack-slideshow_button-next swiper-button-next swiper-button-white\" role=\"button\"><\/a><a aria-label=\"Pause Slideshow\" class=\"wp-block-jetpack-slideshow_button-pause\" role=\"button\"><\/a><div class=\"wp-block-jetpack-slideshow_pagination swiper-pagination swiper-pagination-white\"><\/div><\/div><\/div>\n","protected":false},"excerpt":{"rendered":"<p>&#8212; Sigifredo Villalba desapareci\u00f3 el pasado 7 de enero, cuando se dirig\u00eda al centro de la ciudad Yasm\u00edn Garc\u00eda Trabajadores del Tribunal Superior de Justicia (TSJ) y familiares de Sigifredo&hellip; <\/p>\n","protected":false},"author":32,"featured_media":73432,"comment_status":"open","ping_status":"open","sticky":false,"template":"","format":"standard","meta":{"fifu_image_url":"","fifu_image_alt":"","footnotes":""},"categories":[29],"tags":[],"class_list":["post-73430","post","type-post","status-publish","format-standard","has-post-thumbnail","hentry","category-sociedad"],"_links":{"self":[{"href":"https:\/\/www.interaccionnoticias.com.mx\/index.php?rest_route=\/wp\/v2\/posts\/73430","targetHints":{"allow":["GET"]}}],"collection":[{"href":"https:\/\/www.interaccionnoticias.com.mx\/index.php?rest_route=\/wp\/v2\/posts"}],"about":[{"href":"https:\/\/www.interaccionnoticias.com.mx\/index.php?rest_route=\/wp\/v2\/types\/post"}],"author":[{"embeddable":true,"href":"https:\/\/www.interaccionnoticias.com.mx\/index.php?rest_route=\/wp\/v2\/users\/32"}],"replies":[{"embeddable":true,"href":"https:\/\/www.interaccionnoticias.com.mx\/index.php?rest_route=%2Fwp%2Fv2%2Fcomments&post=73430"}],"version-history":[{"count":1,"href":"https:\/\/www.interaccionnoticias.com.mx\/index.php?rest_route=\/wp\/v2\/posts\/73430\/revisions"}],"predecessor-version":[{"id":73434,"href":"https:\/\/www.interaccionnoticias.com.mx\/index.php?rest_route=\/wp\/v2\/posts\/73430\/revisions\/73434"}],"wp:featuredmedia":[{"embeddable":true,"href":"https:\/\/www.interaccionnoticias.com.mx\/index.php?rest_route=\/wp\/v2\/media\/73432"}],"wp:attachment":[{"href":"https:\/\/www.interaccionnoticias.com.mx\/index.php?rest_route=%2Fwp%2Fv2%2Fmedia&parent=73430"}],"wp:term":[{"taxonomy":"category","embeddable":true,"href":"https:\/\/www.interaccionnoticias.com.mx\/index.php?rest_route=%2Fwp%2Fv2%2Fcategories&post=73430"},{"taxonomy":"post_tag","embeddable":true,"href":"https:\/\/www.interaccionnoticias.com.mx\/index.php?rest_route=%2Fwp%2Fv2%2Ftags&post=73430"}],"curies":[{"name":"wp","href":"https:\/\/api.w.org\/{rel}","templated":true}]}}