{"id":73423,"date":"2024-01-29T13:47:09","date_gmt":"2024-01-29T19:47:09","guid":{"rendered":"https:\/\/interaccionnoticias.com.mx\/?p=73423"},"modified":"2024-01-29T13:52:15","modified_gmt":"2024-01-29T19:52:15","slug":"con-bloqueo-padres-de-familia-y-alumnos-de-la-escuela-sor-juana-ines-de-la-cruz-exigen-a-la-seg-reposicion-de-un-intendente","status":"publish","type":"post","link":"https:\/\/www.interaccionnoticias.com.mx\/?p=73423","title":{"rendered":"Con bloqueo padres de familia y alumnos de la escuela Sor Juana In\u00e9s de la Cruz, exigen a la SEG reposici\u00f3n de un intendente"},"content":{"rendered":"\n<p><em><strong>&#8212; Desde agosto del a\u00f1o pasado los alumnos realizan la limpieza de sus aulas<\/strong><\/em><\/p>\n\n\n\n<p><strong>Yasm\u00edn Garc\u00eda<\/strong><\/p>\n\n\n\n<p><strong>Chilpancingo, Gro., a 29 de enero 2024.- <\/strong>Padres de familia y alumnos de la primaria Sor Juana In\u00e9s de la Cruz, bloquearon la avenida L\u00e1zaro C\u00e1rdenas a la altura del Monumento a Las Banderas para exigir la reposici\u00f3n de un intendente a la Secretar\u00eda de Educaci\u00f3n Guerrero (SEG), ya que desde agosto del a\u00f1o pasado los alumnos son quienes realizan las labores de limpieza en sus aulas.<\/p>\n\n\n\n<p>La escuela primaria tiene una matr\u00edcula de 230 alumnos, contaba con dos intendentes debido a que tiene una extensi\u00f3n de 7 mil 500 metros cuadrados, en el mes de agosto del a\u00f1o pasado uno de los dos intendentes falleci\u00f3.<\/p>\n\n\n\n<p>Dolores Ram\u00edrez, madre de familia explic\u00f3 que los alumnos de cuarto, quinto y sexto a\u00f1o son los encargados de realizar la limpieza de sus salones de clases y algunas \u00e1reas verdes ya que el \u00fanico intendente tiene a su cargo los salones de primero, segundo y tercer a\u00f1o, adem\u00e1s del comedor y otras \u00e1reas por lo que no se da abasto.<\/p>\n\n\n\n<p>Los padres de familia han solicitado en varias ocasiones a la Secretar\u00eda de Educaci\u00f3n Guerrero (SEG), la reposici\u00f3n del recurso en la primaria, pero no han tenido respuestas positivas.<\/p>\n\n\n\n<p>\u201cComitivas de padres de familia han llevado la petici\u00f3n, as\u00ed como integrantes de comit\u00e9s de grupos, hemos ido a la direcci\u00f3n de personal, con el subsecretario de la SEG ya sean llevado documentos en diferentes lugares, pero simplemente nos dicen que el recurso ya se fue a otro lado\u201d, recrimin\u00f3 la madre de familia.<\/p>\n\n\n\n<p>Los manifestantes pidieron la intervenci\u00f3n de la gobernadora, Evelyn Salgado Pineda ante la Secretar\u00eda de Educaci\u00f3n Guerrero (SEG) para la reposici\u00f3n del recurso humano de intendencia.<\/p>\n\n\n\n<p>\u201cQue nos manden el recurso, la reposici\u00f3n del intendente que ya ten\u00edamos, ellos solo se justifican que \u00e9l intendente que esta haga el trabajo, pero es mucho no se puede cubrir esa parte\u201d, puntualiz\u00f3.<\/p>\n\n\n\n<p>Los manifestantes fueron atendidos por personal de la SEG quienes se comprometieron a enviar el recurso a la instituci\u00f3n educativa en dos semanas por lo que liberaron la vialidad.<\/p>\n","protected":false},"excerpt":{"rendered":"<p>&#8212; Desde agosto del a\u00f1o pasado los alumnos realizan la limpieza de sus aulas Yasm\u00edn Garc\u00eda Chilpancingo, Gro., a 29 de enero 2024.- Padres de familia y alumnos de la&hellip; <\/p>\n","protected":false},"author":32,"featured_media":73424,"comment_status":"open","ping_status":"open","sticky":false,"template":"","format":"standard","meta":{"fifu_image_url":"","fifu_image_alt":"","footnotes":""},"categories":[6],"tags":[],"class_list":["post-73423","post","type-post","status-publish","format-standard","has-post-thumbnail","hentry","category-educacion"],"_links":{"self":[{"href":"https:\/\/www.interaccionnoticias.com.mx\/index.php?rest_route=\/wp\/v2\/posts\/73423","targetHints":{"allow":["GET"]}}],"collection":[{"href":"https:\/\/www.interaccionnoticias.com.mx\/index.php?rest_route=\/wp\/v2\/posts"}],"about":[{"href":"https:\/\/www.interaccionnoticias.com.mx\/index.php?rest_route=\/wp\/v2\/types\/post"}],"author":[{"embeddable":true,"href":"https:\/\/www.interaccionnoticias.com.mx\/index.php?rest_route=\/wp\/v2\/users\/32"}],"replies":[{"embeddable":true,"href":"https:\/\/www.interaccionnoticias.com.mx\/index.php?rest_route=%2Fwp%2Fv2%2Fcomments&post=73423"}],"version-history":[{"count":1,"href":"https:\/\/www.interaccionnoticias.com.mx\/index.php?rest_route=\/wp\/v2\/posts\/73423\/revisions"}],"predecessor-version":[{"id":73425,"href":"https:\/\/www.interaccionnoticias.com.mx\/index.php?rest_route=\/wp\/v2\/posts\/73423\/revisions\/73425"}],"wp:featuredmedia":[{"embeddable":true,"href":"https:\/\/www.interaccionnoticias.com.mx\/index.php?rest_route=\/wp\/v2\/media\/73424"}],"wp:attachment":[{"href":"https:\/\/www.interaccionnoticias.com.mx\/index.php?rest_route=%2Fwp%2Fv2%2Fmedia&parent=73423"}],"wp:term":[{"taxonomy":"category","embeddable":true,"href":"https:\/\/www.interaccionnoticias.com.mx\/index.php?rest_route=%2Fwp%2Fv2%2Fcategories&post=73423"},{"taxonomy":"post_tag","embeddable":true,"href":"https:\/\/www.interaccionnoticias.com.mx\/index.php?rest_route=%2Fwp%2Fv2%2Ftags&post=73423"}],"curies":[{"name":"wp","href":"https:\/\/api.w.org\/{rel}","templated":true}]}}