{"id":73393,"date":"2024-01-28T21:14:23","date_gmt":"2024-01-29T03:14:23","guid":{"rendered":"https:\/\/interaccionnoticias.com.mx\/?p=73393"},"modified":"2024-01-28T21:14:26","modified_gmt":"2024-01-29T03:14:26","slug":"gobierno-de-guerrero-informa-de-la-reactivacion-del-transporte-publico-en-taxco","status":"publish","type":"post","link":"https:\/\/www.interaccionnoticias.com.mx\/?p=73393","title":{"rendered":"Gobierno de Guerrero informa de la reactivaci\u00f3n del transporte p\u00fablico en Taxco"},"content":{"rendered":"\n<p><strong><em>&#8212; Tras una semana de suspensi\u00f3n, por el problema de la inseguridad<br>&#8212; Este domingo se intensific\u00f3 el dialogo entre transportistas y autoridades, logrando el acuerdo de la reanudaci\u00f3n del servicio<\/em><\/strong><\/p>\n\n\n\n<p><strong>Rogelio Agust\u00edn<\/strong><\/p>\n\n\n\n<p>El Gobierno de Guerrero inform\u00f3 que este lunes se reanudar\u00e1 el servicio del transporte p\u00fablico en la cabecera municipal de Taxco de Alarc\u00f3n, tras una semana de suspensi\u00f3n a consecuencia de las presuntas amenazas de un grupo criminal.<\/p>\n\n\n\n<p>La reactivaci\u00f3n del servicio, de acuerdo con el Gobierno del Esrado, \u201ces resultado de intensas reuniones de trabajo con l\u00edderes de transportistas y representantes de los tres niveles de gobierno, en las que se privilegi\u00f3 el di\u00e1logo y la seguridad de los conductores, por lo que este lunes la poblaci\u00f3n contar\u00e1 con el servicio local y for\u00e1neo\u201d.<\/p>\n\n\n\n<p>Se se\u00f1ala que en las reuniones participaron funcionarios de la Secretar\u00eda General de Gobierno, Secretar\u00eda de Seguridad P\u00fablica, Sedena, Guardia Nacional y del municipio de Taxco.<\/p>\n\n\n\n<p>Se pact\u00f3 el desarrollo de acciones de proximidad social y operativos de seguridad, para que los transportistas realicen sus labores en condiciones de seguridad, con la certeza de que no ser\u00e1n objeto de agresiones.<\/p>\n\n\n\n<p>Tambi\u00e9n se se\u00f1ala que \u201cse refrend\u00f3 el compromiso del gobierno del estado de apoyar y brindar las medidas necesarias para que los trabajadores del volante contin\u00faen con su labor y no se vean afectados la poblaci\u00f3n y los turistas que visitan est\u00e1 ciudad colonial\u201d.<\/p>\n\n\n\n<p>En el comunicado emitido la noche del domingo 29 de enero, se destaca que la prioridad de la administraci\u00f3n estatal, es que la poblaci\u00f3n cuente con los servicios necesarios y con seguridad para realicen sus actividades de manera normal, con la consigna de \u201cque no se altere la paz social de los guerrerenses\u201d.<\/p>\n\n\n\n<p>Se espera que una vez reactivada la circulaci\u00f3n de taxis y urvans, las escuelas reabran sus puertas, ya que durante la \u00faltima semana tuvieron que retomar el trabajo en l\u00ednea, para evitar que los alumnos estuvieran en una posici\u00f3n de riesgo.<\/p>\n\n\n\n<p>Fue hasta la tercera reuni\u00f3n con autoridades del estado y la federaci\u00f3n, que los transportistas accedieron a reanudar el servicio, en este municipio ubicado en la regi\u00f3n Norte de la entidad.<\/p>\n","protected":false},"excerpt":{"rendered":"<p>&#8212; Tras una semana de suspensi\u00f3n, por el problema de la inseguridad&#8212; Este domingo se intensific\u00f3 el dialogo entre transportistas y autoridades, logrando el acuerdo de la reanudaci\u00f3n del servicio&hellip; <\/p>\n","protected":false},"author":21,"featured_media":73394,"comment_status":"open","ping_status":"open","sticky":false,"template":"","format":"standard","meta":{"fifu_image_url":"","fifu_image_alt":"","footnotes":""},"categories":[23],"tags":[],"class_list":["post-73393","post","type-post","status-publish","format-standard","has-post-thumbnail","hentry","category-regionales"],"_links":{"self":[{"href":"https:\/\/www.interaccionnoticias.com.mx\/index.php?rest_route=\/wp\/v2\/posts\/73393","targetHints":{"allow":["GET"]}}],"collection":[{"href":"https:\/\/www.interaccionnoticias.com.mx\/index.php?rest_route=\/wp\/v2\/posts"}],"about":[{"href":"https:\/\/www.interaccionnoticias.com.mx\/index.php?rest_route=\/wp\/v2\/types\/post"}],"author":[{"embeddable":true,"href":"https:\/\/www.interaccionnoticias.com.mx\/index.php?rest_route=\/wp\/v2\/users\/21"}],"replies":[{"embeddable":true,"href":"https:\/\/www.interaccionnoticias.com.mx\/index.php?rest_route=%2Fwp%2Fv2%2Fcomments&post=73393"}],"version-history":[{"count":1,"href":"https:\/\/www.interaccionnoticias.com.mx\/index.php?rest_route=\/wp\/v2\/posts\/73393\/revisions"}],"predecessor-version":[{"id":73395,"href":"https:\/\/www.interaccionnoticias.com.mx\/index.php?rest_route=\/wp\/v2\/posts\/73393\/revisions\/73395"}],"wp:featuredmedia":[{"embeddable":true,"href":"https:\/\/www.interaccionnoticias.com.mx\/index.php?rest_route=\/wp\/v2\/media\/73394"}],"wp:attachment":[{"href":"https:\/\/www.interaccionnoticias.com.mx\/index.php?rest_route=%2Fwp%2Fv2%2Fmedia&parent=73393"}],"wp:term":[{"taxonomy":"category","embeddable":true,"href":"https:\/\/www.interaccionnoticias.com.mx\/index.php?rest_route=%2Fwp%2Fv2%2Fcategories&post=73393"},{"taxonomy":"post_tag","embeddable":true,"href":"https:\/\/www.interaccionnoticias.com.mx\/index.php?rest_route=%2Fwp%2Fv2%2Ftags&post=73393"}],"curies":[{"name":"wp","href":"https:\/\/api.w.org\/{rel}","templated":true}]}}