{"id":73364,"date":"2024-01-28T20:38:05","date_gmt":"2024-01-29T02:38:05","guid":{"rendered":"https:\/\/interaccionnoticias.com.mx\/?p=73364"},"modified":"2024-01-28T20:40:54","modified_gmt":"2024-01-29T02:40:54","slug":"vacacionistas-atropella-y-mata-a-un-hombre","status":"publish","type":"post","link":"https:\/\/www.interaccionnoticias.com.mx\/?p=73364","title":{"rendered":"Vacacionistas atropella y mata a un hombre"},"content":{"rendered":"\n<p><strong><em>&#8212; El presunto responsable es hijo de un regidor del Estado de M\u00e9xico<br>&#8212; Del golpe del accidente la v\u00edctima cay\u00f3 dentro de la batea de un cami\u00f3n militar que repart\u00eda despensas<\/em><\/strong><\/p>\n\n\n\n<p><strong>Javier Trujillo<\/strong><\/p>\n\n\n\n<p><strong>Acapulco, Gro.- <\/strong>La madruga del s\u00e1bado un turista, hijo de un regidor del municipio de Otumba en el Estado de M\u00e9xico atropell\u00f3 y mat\u00f3 a un hombre, y huy\u00f3 del lugar dejando el cuerpo de la v\u00edctima en la batea de un cami\u00f3n del Ej\u00e9rcito Mexicano.<\/p>\n\n\n\n<p>La camioneta implicada en el accidente y muerte de la v\u00edctima de Acapulco, es marca Nissan tipo X-Trail con placas de circulaci\u00f3n MFL-781-A del Estado de M\u00e9xico, en la cual se observa el parabrisas del lado derecho con manchas hem\u00e1ticas y el espejo roto.<\/p>\n\n\n\n<p>Ahora se sabe que la unidad es propiedad del regidor del municipio de Otumba, Efra\u00edn Garc\u00eda Mart\u00ednez de 52 a\u00f1os, originario del Estado de M\u00e9xico y su hijo es el presunto responsable del homicidio.<\/p>\n\n\n\n<p>Los hechos se registraron al filo de las 05:00 horas en la costera Miguel Alem\u00e1n, cuando Mauricio \u00abN\u00bb, conduc\u00eda una camioneta con placas del Estado de M\u00e9xico, atropell\u00f3 a un hombre que del golpe cay\u00f3 dentro de la batea un cami\u00f3n de la SEDENA que reparte despensas.<\/p>\n\n\n\n<p>El responsable del accidente, que estaba en Acapulco de vacaciones, estacion\u00f3 el veh\u00edculo cerca de las instalaciones de la XII regi\u00f3n naval y huy\u00f3.<\/p>\n\n\n\n<p>Del golpe, la v\u00edctima cay\u00f3 sin vida dentro de la batea del cami\u00f3n del Ej\u00e9rcito Mexicano, y cuando los militares llegaron a cargar las despensas encontraron el cad\u00e1ver del hombre.<\/p>\n\n\n\n<p>Tras lo anterior, se notific\u00f3 a las autoridades de la Fiscal\u00eda General del Estado, quienes en seguida iniciaron las primeras diligencias y tras realizar las investigaciones se pudo conocer como sucedieron los hechos.<\/p>\n\n\n\n<p>La camioneta implicada en el accidente y muerte de la v\u00edctima es de la marca Nissan tipo X-Trail con placas de circulaci\u00f3n MFL-781-A del Estado de M\u00e9xico, en la cual se observa el parabrisas del lado derecho con manchas herm\u00e9ticas y el espejo roto.<\/p>\n\n\n\n<p>El veh\u00edculo, ahora se sabe pertenece al regidor del municipio de Otumba, de la entidad mexiquense, Efra\u00edn Garc\u00eda Mart\u00ednez de 52 a\u00f1os, quien estaba hospedado en el hotel Canadian Resort.<\/p>\n\n\n\n<p>De acuerdo con las diligencias la unidad podr\u00eda estar vinculada con el homicidio ocurrido durante la madrugada del s\u00e1bado, tras haber sido encontrado en la batea de un cami\u00f3n militar.<\/p>\n\n\n\n<p>Cabe mencionar que autoridades ministeriales encontraron indicios de que podr\u00eda ser de la v\u00edctima sin vida, quien llevaba medicamentos, una sandalia, una mochila, junto con otros objetos.<\/p>\n","protected":false},"excerpt":{"rendered":"<p>&#8212; El presunto responsable es hijo de un regidor del Estado de M\u00e9xico&#8212; Del golpe del accidente la v\u00edctima cay\u00f3 dentro de la batea de un cami\u00f3n militar que repart\u00eda&hellip; <\/p>\n","protected":false},"author":3,"featured_media":73365,"comment_status":"open","ping_status":"open","sticky":false,"template":"","format":"standard","meta":{"fifu_image_url":"","fifu_image_alt":"","footnotes":""},"categories":[27],"tags":[],"class_list":["post-73364","post","type-post","status-publish","format-standard","has-post-thumbnail","hentry","category-seguridad-publica"],"_links":{"self":[{"href":"https:\/\/www.interaccionnoticias.com.mx\/index.php?rest_route=\/wp\/v2\/posts\/73364","targetHints":{"allow":["GET"]}}],"collection":[{"href":"https:\/\/www.interaccionnoticias.com.mx\/index.php?rest_route=\/wp\/v2\/posts"}],"about":[{"href":"https:\/\/www.interaccionnoticias.com.mx\/index.php?rest_route=\/wp\/v2\/types\/post"}],"author":[{"embeddable":true,"href":"https:\/\/www.interaccionnoticias.com.mx\/index.php?rest_route=\/wp\/v2\/users\/3"}],"replies":[{"embeddable":true,"href":"https:\/\/www.interaccionnoticias.com.mx\/index.php?rest_route=%2Fwp%2Fv2%2Fcomments&post=73364"}],"version-history":[{"count":2,"href":"https:\/\/www.interaccionnoticias.com.mx\/index.php?rest_route=\/wp\/v2\/posts\/73364\/revisions"}],"predecessor-version":[{"id":73368,"href":"https:\/\/www.interaccionnoticias.com.mx\/index.php?rest_route=\/wp\/v2\/posts\/73364\/revisions\/73368"}],"wp:featuredmedia":[{"embeddable":true,"href":"https:\/\/www.interaccionnoticias.com.mx\/index.php?rest_route=\/wp\/v2\/media\/73365"}],"wp:attachment":[{"href":"https:\/\/www.interaccionnoticias.com.mx\/index.php?rest_route=%2Fwp%2Fv2%2Fmedia&parent=73364"}],"wp:term":[{"taxonomy":"category","embeddable":true,"href":"https:\/\/www.interaccionnoticias.com.mx\/index.php?rest_route=%2Fwp%2Fv2%2Fcategories&post=73364"},{"taxonomy":"post_tag","embeddable":true,"href":"https:\/\/www.interaccionnoticias.com.mx\/index.php?rest_route=%2Fwp%2Fv2%2Ftags&post=73364"}],"curies":[{"name":"wp","href":"https:\/\/api.w.org\/{rel}","templated":true}]}}