{"id":7320,"date":"2017-08-20T00:05:29","date_gmt":"2017-08-20T05:05:29","guid":{"rendered":"http:\/\/www.inter-accion.com.mx\/?p=7320"},"modified":"2017-08-20T00:05:29","modified_gmt":"2017-08-20T05:05:29","slug":"augura-obispo-nueva-oleada-de-violencia-en-guerrero","status":"publish","type":"post","link":"https:\/\/www.interaccionnoticias.com.mx\/?p=7320","title":{"rendered":"Augura obispo nueva oleada de violencia en Guerrero"},"content":{"rendered":"<p>Las acciones del Ej\u00e9rcito Mexicano, por frenar la siembra y trasiego de la amapola, encima de debilitar a los carteles, est\u00e1 provocando una inminente ola de violencia en la zona centro del estado, asegur\u00f3 el obispo de la di\u00f3cesis de Chilpancingo-Chilapa, Salvador Rangel Mendoza.<br \/>\nEste s\u00e1bado, al encabezar una celebraci\u00f3n eucar\u00edstica en la parroquia de San Mateo, Rangel Mendoza habl\u00f3 de los problemas en Guerrero, a dos a\u00f1os de haber llegado a la di\u00f3cesis de Chilpancingo-Chilapa.<br \/>\nEn su serm\u00f3n, llam\u00f3 a los feligreses a cuidarse ante una posible oleada de violencia en la capital.<br \/>\nAl finalizar la celebraci\u00f3n, fue cuestionado sobre el por qu\u00e9 de ese aviso, y coment\u00f3 que un l\u00edder de un grupo criminal, hab\u00eda agotado sus recursos econ\u00f3micos y por ello, era probable el incremento de extorsiones y secuestros, para recuperar esas p\u00e9rdidas.<br \/>\nEsa informaci\u00f3n, se\u00f1al\u00f3 el obispo, la obtuvo entre sus di\u00e1logos que ha tenido con algunos grupos delictivos.<br \/>\n\u00abEl gobiero ha cortado mucho la amapola, al haber menos, hay menos goma de opio y los grupos se pelean lo poco que hay, y eso deriva en la pugna entre los grupos\u00bb, agreg\u00f3 monse\u00f1or Salvador Rangel.<br \/>\nA la ciudadan\u00eda, le recalc\u00f3 que no entre en p\u00e1nico, pero que tome sus consideraciones, como evitar salir de noche, esto al mencionar que el mismo se siente inseguro de vivir en el estado, argumentando que en su domicilio en Chilpancingo, constantemente hay balaceras.<br \/>\nSalvador Rangel, cumpli\u00f3 dos a\u00f1os de ser nombrado como obispo de la di\u00f3cesis de Chilpancingo-Chilapa, el mismo tiempo en el que ha notado problemas de car\u00e1cter nacional e internacional.<br \/>\nEntre esos problemas, enumer\u00f3 la inseguridad en primer lugar, seguido de impunidad, corrupci\u00f3n, rezago en obras de infraestructura, cultura y medios de comunicaci\u00f3n.<br \/>\nSin embargo, resalt\u00f3 que lo m\u00e1s grave es que el gobierno estatal no reconozca las carencias y dificultades por las que atraviesa el estado.<\/p>\n","protected":false},"excerpt":{"rendered":"<p>Las acciones del Ej\u00e9rcito Mexicano, por frenar la siembra y trasiego de la amapola, encima de debilitar a los carteles, est\u00e1 provocando una inminente ola de violencia en la zona&hellip; <\/p>\n","protected":false},"author":1,"featured_media":0,"comment_status":"closed","ping_status":"closed","sticky":false,"template":"","format":"standard","meta":{"fifu_image_url":"","fifu_image_alt":"","footnotes":""},"categories":[8,18],"tags":[],"class_list":["post-7320","post","type-post","status-publish","format-standard","hentry","category-featured","category-partidos-politicos"],"_links":{"self":[{"href":"https:\/\/www.interaccionnoticias.com.mx\/index.php?rest_route=\/wp\/v2\/posts\/7320","targetHints":{"allow":["GET"]}}],"collection":[{"href":"https:\/\/www.interaccionnoticias.com.mx\/index.php?rest_route=\/wp\/v2\/posts"}],"about":[{"href":"https:\/\/www.interaccionnoticias.com.mx\/index.php?rest_route=\/wp\/v2\/types\/post"}],"author":[{"embeddable":true,"href":"https:\/\/www.interaccionnoticias.com.mx\/index.php?rest_route=\/wp\/v2\/users\/1"}],"replies":[{"embeddable":true,"href":"https:\/\/www.interaccionnoticias.com.mx\/index.php?rest_route=%2Fwp%2Fv2%2Fcomments&post=7320"}],"version-history":[{"count":0,"href":"https:\/\/www.interaccionnoticias.com.mx\/index.php?rest_route=\/wp\/v2\/posts\/7320\/revisions"}],"wp:attachment":[{"href":"https:\/\/www.interaccionnoticias.com.mx\/index.php?rest_route=%2Fwp%2Fv2%2Fmedia&parent=7320"}],"wp:term":[{"taxonomy":"category","embeddable":true,"href":"https:\/\/www.interaccionnoticias.com.mx\/index.php?rest_route=%2Fwp%2Fv2%2Fcategories&post=7320"},{"taxonomy":"post_tag","embeddable":true,"href":"https:\/\/www.interaccionnoticias.com.mx\/index.php?rest_route=%2Fwp%2Fv2%2Ftags&post=7320"}],"curies":[{"name":"wp","href":"https:\/\/api.w.org\/{rel}","templated":true}]}}