{"id":7304,"date":"2017-08-18T17:57:07","date_gmt":"2017-08-18T22:57:07","guid":{"rendered":"http:\/\/www.inter-accion.com.mx\/?p=7304"},"modified":"2017-08-18T17:57:07","modified_gmt":"2017-08-18T22:57:07","slug":"congreso-pide-a-pgr-que-retome-linea-que-vincula-a-los-tequileros-con-la-desaparicion-de-los-43","status":"publish","type":"post","link":"https:\/\/www.interaccionnoticias.com.mx\/?p=7304","title":{"rendered":"Congreso pide a PGR que retome l\u00ednea que v\u00edncula a Los Tequileros con la desaparici\u00f3n de los 43"},"content":{"rendered":"<p>El presidente de la Comisi\u00f3n Especial de Seguimiento para el caso Ayotzinapa en el Congreso local, Ricardo Mej\u00eda Berdeja solicit\u00f3 que la Procuradur\u00eda General de la Rep\u00fablica (PGR) retome la l\u00ednea de investigaci\u00f3n que involucra a la banda de \u201cLos Tequileros\u201d&nbsp;&nbsp;con la desaparici\u00f3n de 43 estudiantes de la Normal Rural de Ayotzinapa.<br \/>\nDe acuerdo con Mej\u00eda Berdeja, la PGR no debe dejar de observar el hecho de que las regiones Norte y Tierra Caliente&nbsp;&nbsp;albergan municipios en donde los estudiantes de la Normal Rural Ra\u00fal Isidro Burgos pudieron ser trasladados por sus captores, presuntos integrantes de Guerreros Unidos (GU).<br \/>\nDe acuerdo con el representante popular, si se hace un recuento de diferentes fuentes, se establecer\u00e1 que hasta septiembre de 2014, los integrantes del GU ten\u00edan el control de muchos municipios ubicados en las regiones Norte y Tierra Caliente, desde Huitzuco hasta parte de San Miguel Totolapan.<br \/>\nDe acuerdo con varios de los testimonios que se tienen&nbsp;&nbsp;incluso en la investigaci\u00f3n de la Comisi\u00f3n Nacional de Derechos Humanos (CNDH)-, parte de los j\u00f3venes desaparecidos fueron trasladados hacia Huitzuco, pero en junio pasado, integrantes del Movimiento por la Paz de San Miguel Totolapan se\u00f1alaron que otro grupo importante habr\u00eda sido llevado hacia las inmediaciones de La Gavia.<br \/>\nEn septiembre de 2014, \u201cLos Tequileros\u201d solamente eran una c\u00e9lula m\u00e1s del GU, raz\u00f3n por la que respaldaron las acciones desplegadas en Iguala de la Independencia, seg\u00fan la versi\u00f3n que otorg\u00f3 el presunto delincuente Ren\u00e9 Garc\u00eda Uriostegui, quien permanece preso en el penal de Chilpancingo por el delito de secuestro.<br \/>\nPor esa raz\u00f3n, el diputado Mej\u00eda sostiene que no se debe descartar ninguna posibilidad en la b\u00fasqueda de informaci\u00f3n respecto al paradero de los estudiantes, en un intento tambi\u00e9n por evitar que la volatilidad en la memoria colectiva permita a la sociedad perder el inter\u00e9s sobre el asunto.<br \/>\nSi no se toma en cuenta lo aportado por los integrantes del Movimiento de Autodefensa, el tambi\u00e9n presidente de la Comisi\u00f3n de Seguridad P\u00fablica del Congreso de Guerrero, advirti\u00f3 que se puede incurrir en una omisi\u00f3n muy grave<\/p>\n","protected":false},"excerpt":{"rendered":"<p>El presidente de la Comisi\u00f3n Especial de Seguimiento para el caso Ayotzinapa en el Congreso local, Ricardo Mej\u00eda Berdeja solicit\u00f3 que la Procuradur\u00eda General de la Rep\u00fablica (PGR) retome la&hellip; <\/p>\n","protected":false},"author":1,"featured_media":0,"comment_status":"closed","ping_status":"closed","sticky":false,"template":"","format":"standard","meta":{"fifu_image_url":"","fifu_image_alt":"","footnotes":""},"categories":[8,15],"tags":[],"class_list":["post-7304","post","type-post","status-publish","format-standard","hentry","category-featured","category-movimientos-sociales"],"_links":{"self":[{"href":"https:\/\/www.interaccionnoticias.com.mx\/index.php?rest_route=\/wp\/v2\/posts\/7304","targetHints":{"allow":["GET"]}}],"collection":[{"href":"https:\/\/www.interaccionnoticias.com.mx\/index.php?rest_route=\/wp\/v2\/posts"}],"about":[{"href":"https:\/\/www.interaccionnoticias.com.mx\/index.php?rest_route=\/wp\/v2\/types\/post"}],"author":[{"embeddable":true,"href":"https:\/\/www.interaccionnoticias.com.mx\/index.php?rest_route=\/wp\/v2\/users\/1"}],"replies":[{"embeddable":true,"href":"https:\/\/www.interaccionnoticias.com.mx\/index.php?rest_route=%2Fwp%2Fv2%2Fcomments&post=7304"}],"version-history":[{"count":0,"href":"https:\/\/www.interaccionnoticias.com.mx\/index.php?rest_route=\/wp\/v2\/posts\/7304\/revisions"}],"wp:attachment":[{"href":"https:\/\/www.interaccionnoticias.com.mx\/index.php?rest_route=%2Fwp%2Fv2%2Fmedia&parent=7304"}],"wp:term":[{"taxonomy":"category","embeddable":true,"href":"https:\/\/www.interaccionnoticias.com.mx\/index.php?rest_route=%2Fwp%2Fv2%2Fcategories&post=7304"},{"taxonomy":"post_tag","embeddable":true,"href":"https:\/\/www.interaccionnoticias.com.mx\/index.php?rest_route=%2Fwp%2Fv2%2Ftags&post=7304"}],"curies":[{"name":"wp","href":"https:\/\/api.w.org\/{rel}","templated":true}]}}