{"id":7295,"date":"2017-08-18T00:25:05","date_gmt":"2017-08-18T05:25:05","guid":{"rendered":"http:\/\/www.inter-accion.com.mx\/?p=7295"},"modified":"2017-08-18T00:25:05","modified_gmt":"2017-08-18T05:25:05","slug":"se-defendera-diputado-inhabilitado-por-la-funcion-publica","status":"publish","type":"post","link":"https:\/\/www.interaccionnoticias.com.mx\/?p=7295","title":{"rendered":"Se defender\u00e1 diputado inhabilitado por la Funci\u00f3n P\u00fablica"},"content":{"rendered":"<p>H\u00e9ctor Vicario sostiene que no incurri\u00f3 en actos de corrupci\u00f3n&nbsp;<br \/>\nEl ex delegado de la Secretar\u00eda de Desarrollo Agrario Territorial y Urbano (SEDATU), H\u00e9ctor Vicario Castrej\u00f3n, anticip\u00f3 que se defender\u00e1 de la determinaci\u00f3n de la Secretar\u00eda de la Funci\u00f3n P\u00fablica, en el sentido de inhabilitarlo por 10 a\u00f1os, a partir de supuestos actos de negligencia cometidos a su paso por la delegaci\u00f3n en el estado de Guerrero.<br \/>\nV\u00eda telef\u00f3nica manifest\u00f3 en primera instancia, que la inhabilitaci\u00f3n hasta por 10 a\u00f1os para ocupar cargos en la administraci\u00f3n p\u00fablica, no impacta en su permanencia como integrante del Congreso local, en donde preside la Comisi\u00f3n de Justicia.<br \/>\nLo anterior, porque la sanci\u00f3n de la Secretaria de la Funci\u00f3n P\u00fablica habla concretamente de espacios de car\u00e1cter administrativo, no de cargos de elecci\u00f3n popular, como lo es una diputaci\u00f3n.<br \/>\nBajo dicha precisi\u00f3n, record\u00f3 que le toc\u00f3 estar al frente de la delegaci\u00f3n de SEDATU-Guerrero en momentos sumamente complicados, ya que le toc\u00f3 atender la problem\u00e1tica derivada de las afectaciones que provocaron en Guerrero la tormenta tropical Manuel y el hurac\u00e1n Ingrid.<br \/>\nEn ese contexto, destac\u00f3 que hay la posibilidad de que se hayan registrado algunos desajustes administrativos, pero asegur\u00f3 que no se le acusa de malversaciones de recursos.<br \/>\nPor esa raz\u00f3n, dijo que de primera instancia recurrir\u00e1 ante el \u00f3rgano de control de la SFP, para efecto de presentar sus pruebas para desvirtuar la sanci\u00f3n.<br \/>\nEn caso de que se ratifique la inhabilitaci\u00f3n, destac\u00f3 que recurrir\u00e1 al Tribunal de Justicia Administrativa con la intenci\u00f3n de despejar todas las dudas que hay respecto a su paso por la delegaci\u00f3n de SEDATU, para dejar claro que lo que pudo cometer fueron desfases derivados de la dimensi\u00f3n de la contingencia que se vivi\u00f3 en 2013, no actos deliberados de corrupci\u00f3n.<\/p>\n","protected":false},"excerpt":{"rendered":"<p>H\u00e9ctor Vicario sostiene que no incurri\u00f3 en actos de corrupci\u00f3n&nbsp; El ex delegado de la Secretar\u00eda de Desarrollo Agrario Territorial y Urbano (SEDATU), H\u00e9ctor Vicario Castrej\u00f3n, anticip\u00f3 que se defender\u00e1&hellip; <\/p>\n","protected":false},"author":1,"featured_media":0,"comment_status":"closed","ping_status":"closed","sticky":false,"template":"","format":"standard","meta":{"fifu_image_url":"","fifu_image_alt":"","footnotes":""},"categories":[8,18],"tags":[],"class_list":["post-7295","post","type-post","status-publish","format-standard","hentry","category-featured","category-partidos-politicos"],"_links":{"self":[{"href":"https:\/\/www.interaccionnoticias.com.mx\/index.php?rest_route=\/wp\/v2\/posts\/7295","targetHints":{"allow":["GET"]}}],"collection":[{"href":"https:\/\/www.interaccionnoticias.com.mx\/index.php?rest_route=\/wp\/v2\/posts"}],"about":[{"href":"https:\/\/www.interaccionnoticias.com.mx\/index.php?rest_route=\/wp\/v2\/types\/post"}],"author":[{"embeddable":true,"href":"https:\/\/www.interaccionnoticias.com.mx\/index.php?rest_route=\/wp\/v2\/users\/1"}],"replies":[{"embeddable":true,"href":"https:\/\/www.interaccionnoticias.com.mx\/index.php?rest_route=%2Fwp%2Fv2%2Fcomments&post=7295"}],"version-history":[{"count":0,"href":"https:\/\/www.interaccionnoticias.com.mx\/index.php?rest_route=\/wp\/v2\/posts\/7295\/revisions"}],"wp:attachment":[{"href":"https:\/\/www.interaccionnoticias.com.mx\/index.php?rest_route=%2Fwp%2Fv2%2Fmedia&parent=7295"}],"wp:term":[{"taxonomy":"category","embeddable":true,"href":"https:\/\/www.interaccionnoticias.com.mx\/index.php?rest_route=%2Fwp%2Fv2%2Fcategories&post=7295"},{"taxonomy":"post_tag","embeddable":true,"href":"https:\/\/www.interaccionnoticias.com.mx\/index.php?rest_route=%2Fwp%2Fv2%2Ftags&post=7295"}],"curies":[{"name":"wp","href":"https:\/\/api.w.org\/{rel}","templated":true}]}}