{"id":72942,"date":"2024-01-17T22:38:18","date_gmt":"2024-01-18T04:38:18","guid":{"rendered":"https:\/\/interaccionnoticias.com.mx\/?p=72942"},"modified":"2024-01-17T22:38:19","modified_gmt":"2024-01-18T04:38:19","slug":"astudillo-y-mario-moreno-guardan-silencio-ante-el-registro-de-anorve","status":"publish","type":"post","link":"https:\/\/www.interaccionnoticias.com.mx\/?p=72942","title":{"rendered":"Astudillo y Mario Moreno guardan silencio, ante el registro de A\u00f1orve"},"content":{"rendered":"\n<p><em><strong>&#8212; Tampoco han emitido alguna postura los dirigentes del PRD y PAN, aliados del PRI en la contienda electoral<\/strong><\/em><\/p>\n\n\n\n<p><strong>Yasm\u00edn Garc\u00eda<\/strong><\/p>\n\n\n\n<p>Hasta la noche del mi\u00e9rcoles, el ex gobernador H\u00e9ctor Astudillo Flores y el ex candidato a la gubernatura de la coalici\u00f3n PRI-PRD, Mario Moreno Arcos no hab\u00edan fijado postura respecto al registro de Manuel A\u00f1orve Ba\u00f1os como precandidato al Senado de la Rep\u00fablica.<\/p>\n\n\n\n<p>El ex gobernador de Guerrero, H\u00e9ctor Astudillo Flores no acompa\u00f1\u00f3 al senador A\u00f1orve Bao\u00f1os al registro de este mi\u00e9rcoles ante la dirigencia estatal.<\/p>\n\n\n\n<p>Tampoco el ex candidato a la gubernatura y aspirante a la senadur\u00eda, Mario Moreno, quien ha sido invitado a representar al Movimiento Ciudadano (MC) en la misma posici\u00f3n.<\/p>\n\n\n\n<p>En la red social Facebook, el ex gobernador public\u00f3 una esquela entrada la tarde, horas en la que lament\u00f3 el fallecimiento del Ingeniero Carlos Rojas Guti\u00e9rrez y envi\u00f3 el pesame a su familia.<\/p>\n\n\n\n<p>Moreno Arcos poste\u00f3 una fotograf\u00eda acompa\u00f1ado de una mujer vendedora de dulces de tamarindo y coco, en el puerto de Acapulco.<\/p>\n\n\n\n<p>En el mensaje escrito lamenta las bajas ventas de los comerciantes acapulque\u00f1os.<\/p>\n\n\n\n<p>El Coordinador de la bancada del PRI en el Congreso local, H\u00e9ctor Apreza Patr\u00f3n tampoco asisti\u00f3 al registro de su compa\u00f1ero de partido, adem\u00e1s ha criticado al dirigente nacional, Alejandro Moreno de dividir a su partido.<\/p>\n\n\n\n<p>El diputado local de la regi\u00f3n de la Tierra Caliente, Adolfo Torrales Catal\u00e1n no ha emitido alguna postura sobre la designaci\u00f3n de la precandidatura \u00fanica al actual senador de la rep\u00fablica.<\/p>\n\n\n\n<p>En su Facebook personal colg\u00f3 algunas fotograf\u00edas de su asistencia al tradicional desfile de la Expo Feria Arcelia 2024.<\/p>\n\n\n\n<p>\u00abMe uno a la felicidad con nuestra gente del pueblo que tanto quiero, en su tradicional desfile de la Expo Feria Arcelia 2024. Gracias por todas sus muestras de afecto\u00bb, se lee en la publicaci\u00f3n.<\/p>\n\n\n\n<p>El diputado local no asiste al Congreso desde el mes de abril del 2023, por amenazas del crimen organizado en su contra y de sus compa\u00f1eras diputadas de la Tierra Caliente, las perredistas Elzy Camacho Pineda y Susana Paola Ju\u00e1rez G\u00f3mez.<\/p>\n\n\n\n<p>Los diputados locales Olaguer Hern\u00e1ndez Flores y Ricardo Astudillo Calvo tampoco han emitido alguna postura.<\/p>\n\n\n\n<p>Los dirigentes del PRD y PAN, Alberto Catal\u00e1n Bastida y Eloy Salmer\u00f3n D\u00edaz, respectivamente, no han declarado sobre la f\u00f3rmula registrada el d\u00eda de hoy.<\/p>\n\n\n\n<div class=\"wp-block-jetpack-slideshow aligncenter\" data-effect=\"slide\"><div class=\"wp-block-jetpack-slideshow_container swiper-container\"><ul class=\"wp-block-jetpack-slideshow_swiper-wrapper swiper-wrapper\"><li class=\"wp-block-jetpack-slideshow_slide swiper-slide\"><figure><img decoding=\"async\" src=\"data:image\/gif;base64,R0lGODlhAQABAIAAAAAAAP\/\/\/ywAAAAAAQABAAACAUwAOw==\" fifu-lazy=\"1\" fifu-data-sizes=\"auto\" fifu-data-srcset=\"https:\/\/i2.wp.com\/interaccionnoticias.com.mx\/wp-content\/uploads\/2024\/01\/240117-Mario-Moreno-738x1024.jpg?ssl=1&w=75&resize=75&ssl=1 75w, https:\/\/i2.wp.com\/interaccionnoticias.com.mx\/wp-content\/uploads\/2024\/01\/240117-Mario-Moreno-738x1024.jpg?ssl=1&w=100&resize=100&ssl=1 100w, https:\/\/i2.wp.com\/interaccionnoticias.com.mx\/wp-content\/uploads\/2024\/01\/240117-Mario-Moreno-738x1024.jpg?ssl=1&w=150&resize=150&ssl=1 150w, https:\/\/i2.wp.com\/interaccionnoticias.com.mx\/wp-content\/uploads\/2024\/01\/240117-Mario-Moreno-738x1024.jpg?ssl=1&w=240&resize=240&ssl=1 240w, https:\/\/i2.wp.com\/interaccionnoticias.com.mx\/wp-content\/uploads\/2024\/01\/240117-Mario-Moreno-738x1024.jpg?ssl=1&w=320&resize=320&ssl=1 320w, https:\/\/i2.wp.com\/interaccionnoticias.com.mx\/wp-content\/uploads\/2024\/01\/240117-Mario-Moreno-738x1024.jpg?ssl=1&w=500&resize=500&ssl=1 500w, https:\/\/i2.wp.com\/interaccionnoticias.com.mx\/wp-content\/uploads\/2024\/01\/240117-Mario-Moreno-738x1024.jpg?ssl=1&w=640&resize=640&ssl=1 640w, https:\/\/i2.wp.com\/interaccionnoticias.com.mx\/wp-content\/uploads\/2024\/01\/240117-Mario-Moreno-738x1024.jpg?ssl=1&w=800&resize=800&ssl=1 800w, https:\/\/i2.wp.com\/interaccionnoticias.com.mx\/wp-content\/uploads\/2024\/01\/240117-Mario-Moreno-738x1024.jpg?ssl=1&w=1024&resize=1024&ssl=1 1024w, https:\/\/i2.wp.com\/interaccionnoticias.com.mx\/wp-content\/uploads\/2024\/01\/240117-Mario-Moreno-738x1024.jpg?ssl=1&w=1280&resize=1280&ssl=1 1280w, https:\/\/i2.wp.com\/interaccionnoticias.com.mx\/wp-content\/uploads\/2024\/01\/240117-Mario-Moreno-738x1024.jpg?ssl=1&w=1600&resize=1600&ssl=1 1600w\" alt=\"\" class=\"wp-block-jetpack-slideshow_image wp-image-72945\" data-id=\"72945\" fifu-data-src=\"https:\/\/i2.wp.com\/interaccionnoticias.com.mx\/wp-content\/uploads\/2024\/01\/240117-Mario-Moreno-738x1024.jpg?ssl=1\"\/><\/figure><\/li><li class=\"wp-block-jetpack-slideshow_slide swiper-slide\"><figure><img decoding=\"async\" src=\"data:image\/gif;base64,R0lGODlhAQABAIAAAAAAAP\/\/\/ywAAAAAAQABAAACAUwAOw==\" fifu-lazy=\"1\" fifu-data-sizes=\"auto\" fifu-data-srcset=\"https:\/\/i1.wp.com\/interaccionnoticias.com.mx\/wp-content\/uploads\/2024\/01\/240117-Astudillo-732x1024.jpg?ssl=1&w=75&resize=75&ssl=1 75w, https:\/\/i1.wp.com\/interaccionnoticias.com.mx\/wp-content\/uploads\/2024\/01\/240117-Astudillo-732x1024.jpg?ssl=1&w=100&resize=100&ssl=1 100w, https:\/\/i1.wp.com\/interaccionnoticias.com.mx\/wp-content\/uploads\/2024\/01\/240117-Astudillo-732x1024.jpg?ssl=1&w=150&resize=150&ssl=1 150w, https:\/\/i1.wp.com\/interaccionnoticias.com.mx\/wp-content\/uploads\/2024\/01\/240117-Astudillo-732x1024.jpg?ssl=1&w=240&resize=240&ssl=1 240w, https:\/\/i1.wp.com\/interaccionnoticias.com.mx\/wp-content\/uploads\/2024\/01\/240117-Astudillo-732x1024.jpg?ssl=1&w=320&resize=320&ssl=1 320w, https:\/\/i1.wp.com\/interaccionnoticias.com.mx\/wp-content\/uploads\/2024\/01\/240117-Astudillo-732x1024.jpg?ssl=1&w=500&resize=500&ssl=1 500w, https:\/\/i1.wp.com\/interaccionnoticias.com.mx\/wp-content\/uploads\/2024\/01\/240117-Astudillo-732x1024.jpg?ssl=1&w=640&resize=640&ssl=1 640w, https:\/\/i1.wp.com\/interaccionnoticias.com.mx\/wp-content\/uploads\/2024\/01\/240117-Astudillo-732x1024.jpg?ssl=1&w=800&resize=800&ssl=1 800w, https:\/\/i1.wp.com\/interaccionnoticias.com.mx\/wp-content\/uploads\/2024\/01\/240117-Astudillo-732x1024.jpg?ssl=1&w=1024&resize=1024&ssl=1 1024w, https:\/\/i1.wp.com\/interaccionnoticias.com.mx\/wp-content\/uploads\/2024\/01\/240117-Astudillo-732x1024.jpg?ssl=1&w=1280&resize=1280&ssl=1 1280w, https:\/\/i1.wp.com\/interaccionnoticias.com.mx\/wp-content\/uploads\/2024\/01\/240117-Astudillo-732x1024.jpg?ssl=1&w=1600&resize=1600&ssl=1 1600w\" alt=\"\" class=\"wp-block-jetpack-slideshow_image wp-image-72944\" data-id=\"72944\" fifu-data-src=\"https:\/\/i1.wp.com\/interaccionnoticias.com.mx\/wp-content\/uploads\/2024\/01\/240117-Astudillo-732x1024.jpg?ssl=1\"\/><\/figure><\/li><li class=\"wp-block-jetpack-slideshow_slide swiper-slide\"><figure><img decoding=\"async\" src=\"data:image\/gif;base64,R0lGODlhAQABAIAAAAAAAP\/\/\/ywAAAAAAQABAAACAUwAOw==\" fifu-lazy=\"1\" fifu-data-sizes=\"auto\" fifu-data-srcset=\"https:\/\/i3.wp.com\/interaccionnoticias.com.mx\/wp-content\/uploads\/2024\/01\/240117-Adolfo-Torrales-Catalan-682x1024.jpg?ssl=1&w=75&resize=75&ssl=1 75w, https:\/\/i3.wp.com\/interaccionnoticias.com.mx\/wp-content\/uploads\/2024\/01\/240117-Adolfo-Torrales-Catalan-682x1024.jpg?ssl=1&w=100&resize=100&ssl=1 100w, https:\/\/i3.wp.com\/interaccionnoticias.com.mx\/wp-content\/uploads\/2024\/01\/240117-Adolfo-Torrales-Catalan-682x1024.jpg?ssl=1&w=150&resize=150&ssl=1 150w, https:\/\/i3.wp.com\/interaccionnoticias.com.mx\/wp-content\/uploads\/2024\/01\/240117-Adolfo-Torrales-Catalan-682x1024.jpg?ssl=1&w=240&resize=240&ssl=1 240w, https:\/\/i3.wp.com\/interaccionnoticias.com.mx\/wp-content\/uploads\/2024\/01\/240117-Adolfo-Torrales-Catalan-682x1024.jpg?ssl=1&w=320&resize=320&ssl=1 320w, https:\/\/i3.wp.com\/interaccionnoticias.com.mx\/wp-content\/uploads\/2024\/01\/240117-Adolfo-Torrales-Catalan-682x1024.jpg?ssl=1&w=500&resize=500&ssl=1 500w, https:\/\/i3.wp.com\/interaccionnoticias.com.mx\/wp-content\/uploads\/2024\/01\/240117-Adolfo-Torrales-Catalan-682x1024.jpg?ssl=1&w=640&resize=640&ssl=1 640w, https:\/\/i3.wp.com\/interaccionnoticias.com.mx\/wp-content\/uploads\/2024\/01\/240117-Adolfo-Torrales-Catalan-682x1024.jpg?ssl=1&w=800&resize=800&ssl=1 800w, https:\/\/i3.wp.com\/interaccionnoticias.com.mx\/wp-content\/uploads\/2024\/01\/240117-Adolfo-Torrales-Catalan-682x1024.jpg?ssl=1&w=1024&resize=1024&ssl=1 1024w, https:\/\/i3.wp.com\/interaccionnoticias.com.mx\/wp-content\/uploads\/2024\/01\/240117-Adolfo-Torrales-Catalan-682x1024.jpg?ssl=1&w=1280&resize=1280&ssl=1 1280w, https:\/\/i3.wp.com\/interaccionnoticias.com.mx\/wp-content\/uploads\/2024\/01\/240117-Adolfo-Torrales-Catalan-682x1024.jpg?ssl=1&w=1600&resize=1600&ssl=1 1600w\" alt=\"\" class=\"wp-block-jetpack-slideshow_image wp-image-72943\" data-id=\"72943\" fifu-data-src=\"https:\/\/i3.wp.com\/interaccionnoticias.com.mx\/wp-content\/uploads\/2024\/01\/240117-Adolfo-Torrales-Catalan-682x1024.jpg?ssl=1\"\/><\/figure><\/li><\/ul><a class=\"wp-block-jetpack-slideshow_button-prev swiper-button-prev swiper-button-white\" role=\"button\"><\/a><a class=\"wp-block-jetpack-slideshow_button-next swiper-button-next swiper-button-white\" role=\"button\"><\/a><a aria-label=\"Pause Slideshow\" class=\"wp-block-jetpack-slideshow_button-pause\" role=\"button\"><\/a><div class=\"wp-block-jetpack-slideshow_pagination swiper-pagination swiper-pagination-white\"><\/div><\/div><\/div>\n","protected":false},"excerpt":{"rendered":"<p>&#8212; Tampoco han emitido alguna postura los dirigentes del PRD y PAN, aliados del PRI en la contienda electoral Yasm\u00edn Garc\u00eda Hasta la noche del mi\u00e9rcoles, el ex gobernador H\u00e9ctor&hellip; <\/p>\n","protected":false},"author":32,"featured_media":72946,"comment_status":"open","ping_status":"open","sticky":false,"template":"","format":"standard","meta":{"fifu_image_url":"","fifu_image_alt":"","footnotes":""},"categories":[21],"tags":[],"class_list":["post-72942","post","type-post","status-publish","format-standard","has-post-thumbnail","hentry","category-politica"],"_links":{"self":[{"href":"https:\/\/www.interaccionnoticias.com.mx\/index.php?rest_route=\/wp\/v2\/posts\/72942","targetHints":{"allow":["GET"]}}],"collection":[{"href":"https:\/\/www.interaccionnoticias.com.mx\/index.php?rest_route=\/wp\/v2\/posts"}],"about":[{"href":"https:\/\/www.interaccionnoticias.com.mx\/index.php?rest_route=\/wp\/v2\/types\/post"}],"author":[{"embeddable":true,"href":"https:\/\/www.interaccionnoticias.com.mx\/index.php?rest_route=\/wp\/v2\/users\/32"}],"replies":[{"embeddable":true,"href":"https:\/\/www.interaccionnoticias.com.mx\/index.php?rest_route=%2Fwp%2Fv2%2Fcomments&post=72942"}],"version-history":[{"count":1,"href":"https:\/\/www.interaccionnoticias.com.mx\/index.php?rest_route=\/wp\/v2\/posts\/72942\/revisions"}],"predecessor-version":[{"id":72947,"href":"https:\/\/www.interaccionnoticias.com.mx\/index.php?rest_route=\/wp\/v2\/posts\/72942\/revisions\/72947"}],"wp:featuredmedia":[{"embeddable":true,"href":"https:\/\/www.interaccionnoticias.com.mx\/index.php?rest_route=\/wp\/v2\/media\/72946"}],"wp:attachment":[{"href":"https:\/\/www.interaccionnoticias.com.mx\/index.php?rest_route=%2Fwp%2Fv2%2Fmedia&parent=72942"}],"wp:term":[{"taxonomy":"category","embeddable":true,"href":"https:\/\/www.interaccionnoticias.com.mx\/index.php?rest_route=%2Fwp%2Fv2%2Fcategories&post=72942"},{"taxonomy":"post_tag","embeddable":true,"href":"https:\/\/www.interaccionnoticias.com.mx\/index.php?rest_route=%2Fwp%2Fv2%2Ftags&post=72942"}],"curies":[{"name":"wp","href":"https:\/\/api.w.org\/{rel}","templated":true}]}}