{"id":7288,"date":"2017-08-17T19:31:22","date_gmt":"2017-08-18T00:31:22","guid":{"rendered":"http:\/\/www.inter-accion.com.mx\/?p=7288"},"modified":"2017-08-17T19:31:22","modified_gmt":"2017-08-18T00:31:22","slug":"inhabilita-la-funcion-publica-al-diputado-hector-vicario","status":"publish","type":"post","link":"https:\/\/www.interaccionnoticias.com.mx\/?p=7288","title":{"rendered":"Inhabilita la Funci\u00f3n P\u00fablica al diputado H\u00e9ctor Vicario"},"content":{"rendered":"<p>Por&nbsp;negligencia&nbsp;administrativa a su paso por la SEDATU &nbsp;&nbsp;<br \/>\nChilpancingo. La Secretar\u00eda de la Funci\u00f3n P\u00fablica (SFP) inhabilit\u00f3 para ocupar cargos p\u00fablicos durante 10 a\u00f1os, &nbsp;al ex delegado de la Secretar\u00eda de Desarrollo Agrario, Territorial y Urbano (SEDATU), en Guerrero, y actual diputado local, H\u00e9ctor Vicario Castrej\u00f3n, al encontrarlo responsable de cometer negligencia administrativa, hecho que el afectado llevar\u00e1 a tribunales.<br \/>\nDe acuerdo con el Reporte de Servidores P\u00fablicos Sancionados de la SFP, la inhabilitaci\u00f3n fue impuesta por el \u00f3rgano de control interno, por el asunto registrado en el expediente0061\/2017, en donde la autoridad responsable determin\u00f3 que Vicario Castrej\u00f3n cometi\u00f3 negligencias administrativas durante su periodo como delegado de la SEDATU en Guerrero.<br \/>\nLa resoluci\u00f3n de la autoridad en contra del &nbsp;diputado priista se registr\u00f3 el pasado 9 de agosto, y orden\u00f3 que el funcionario p\u00fablico quedara inhabilitado a partir del 11 de agosto de este a\u00f1o, hasta el 8 de agosto del 2017; sin embargo, el diputado se present\u00f3 a sesionar en la Comisi\u00f3n Permanente del Congreso local, desarrollada ayer, mi\u00e9rcoles.<br \/>\nConsultado v\u00eda telef\u00f3nica, el diputado Vicario Castrej\u00f3n se\u00f1al\u00f3 que se present\u00f3 a legislar, y no pedir\u00e1 licencia para separarse del cargo debido a que presentar\u00e1 21 pruebas en su favor ante la autoridad sancionadora, y en el momento que eso pase, la inhabilitaci\u00f3n quedar\u00e1 suspendida.<br \/>\nSe\u00f1al\u00f3 que tiene 15 d\u00edas para presentar las pruebas a su favor ante el \u00f3rgano de control interno, y si esta instancia no revierte la resoluci\u00f3n que dict\u00f3 en su contra, acudir\u00e1 al Tribunal de Justicia Administrativa para solicitar un juicio de revocaci\u00f3n, por lo que su inhabilitaci\u00f3n no es un proceso terminado.<br \/>\n\u201cYo habr\u00e9 de presentar ante el \u00f3rgano de control interno 21 pliegos que pedir\u00e9 sean evaluados a efecto de que pueda revertir esta resoluci\u00f3n (\u2026) Tengo un plazo de 15 d\u00edas para presentar al \u00f3rgano interno. En el \u00f3rgano interno de control tendr\u00edan que determinar una suspensi\u00f3n en lo que se analizan las pruebas que habr\u00e9 de presentar, y si el \u00f3rgano confirma la resoluci\u00f3n, estoy preparado para irme al Tribunal de Justicia Administrativa, y eso tendr\u00e1 un proceso de aproximadamente a\u00f1o y medio, no es una resoluci\u00f3n final\u201d, argument\u00f3.<br \/>\nVicario Castrej\u00f3n advirti\u00f3 que se defender\u00e1 jur\u00eddicamente, al considerar que en ning\u00fan momento, durante su periodo como delegado de la SEDATU en Guerrero, cometi\u00f3 negligencias administrativas. \u201cMe toc\u00f3 una etapa muy complicada muy dif\u00edcil, en la que quiz\u00e1 hubo procedimientos que no se hicieron cabalmente, pero no hubo actos de desv\u00edo de recursos, de lo que se habla es negligencia administrativa, de algunos procedimientos que tratar\u00e9 que se reviertan\u201d. &nbsp;<\/p>\n","protected":false},"excerpt":{"rendered":"<p>Por&nbsp;negligencia&nbsp;administrativa a su paso por la SEDATU &nbsp;&nbsp; Chilpancingo. La Secretar\u00eda de la Funci\u00f3n P\u00fablica (SFP) inhabilit\u00f3 para ocupar cargos p\u00fablicos durante 10 a\u00f1os, &nbsp;al ex delegado de la Secretar\u00eda&hellip; <\/p>\n","protected":false},"author":1,"featured_media":0,"comment_status":"closed","ping_status":"closed","sticky":false,"template":"","format":"standard","meta":{"fifu_image_url":"","fifu_image_alt":"","footnotes":""},"categories":[8,17],"tags":[],"class_list":["post-7288","post","type-post","status-publish","format-standard","hentry","category-featured","category-organos-electorales"],"_links":{"self":[{"href":"https:\/\/www.interaccionnoticias.com.mx\/index.php?rest_route=\/wp\/v2\/posts\/7288","targetHints":{"allow":["GET"]}}],"collection":[{"href":"https:\/\/www.interaccionnoticias.com.mx\/index.php?rest_route=\/wp\/v2\/posts"}],"about":[{"href":"https:\/\/www.interaccionnoticias.com.mx\/index.php?rest_route=\/wp\/v2\/types\/post"}],"author":[{"embeddable":true,"href":"https:\/\/www.interaccionnoticias.com.mx\/index.php?rest_route=\/wp\/v2\/users\/1"}],"replies":[{"embeddable":true,"href":"https:\/\/www.interaccionnoticias.com.mx\/index.php?rest_route=%2Fwp%2Fv2%2Fcomments&post=7288"}],"version-history":[{"count":0,"href":"https:\/\/www.interaccionnoticias.com.mx\/index.php?rest_route=\/wp\/v2\/posts\/7288\/revisions"}],"wp:attachment":[{"href":"https:\/\/www.interaccionnoticias.com.mx\/index.php?rest_route=%2Fwp%2Fv2%2Fmedia&parent=7288"}],"wp:term":[{"taxonomy":"category","embeddable":true,"href":"https:\/\/www.interaccionnoticias.com.mx\/index.php?rest_route=%2Fwp%2Fv2%2Fcategories&post=7288"},{"taxonomy":"post_tag","embeddable":true,"href":"https:\/\/www.interaccionnoticias.com.mx\/index.php?rest_route=%2Fwp%2Fv2%2Ftags&post=7288"}],"curies":[{"name":"wp","href":"https:\/\/api.w.org\/{rel}","templated":true}]}}