{"id":7282,"date":"2017-08-17T07:46:04","date_gmt":"2017-08-17T12:46:04","guid":{"rendered":"http:\/\/www.inter-accion.com.mx\/?p=7282"},"modified":"2017-08-17T07:46:04","modified_gmt":"2017-08-17T12:46:04","slug":"cobro-por-recoleccion-de-basura-fue-una-propuesta-recalca-ayuntamiento-de-chilpancingo","status":"publish","type":"post","link":"https:\/\/www.interaccionnoticias.com.mx\/?p=7282","title":{"rendered":"Cobro por recolecci\u00f3n de basura, fue una propuesta, recalca Ayuntamiento de Chilpancingo"},"content":{"rendered":"<p>Mediante un comunicado, el ayuntamiento de Chilpancingo dio a conocer que se someter\u00e1 a consideraci\u00f3n del cabildo, la opci\u00f3n de establecer una \u00abcooperaci\u00f3n\u00bb mensual de 15 pesos por concepto de recolecci\u00f3n de residuos s\u00f3lidos por cada domicilio.<br \/>\nEl texto en divulgaci\u00f3n, refiere que esa medida, que fue planteada por el alcalde de Chilpancingo, Marco Antonio Leyva Mena, es una propuesta para solucionar el problema de basura en la capital.<br \/>\n\u00abSe est\u00e1 valorando la posibilidad de establecer una cooperaci\u00f3n por la recolecci\u00f3n de basura, propuesta que obligadamente pasar\u00e1 por el an\u00e1lisis y en su caso, aprobaci\u00f3n del cabildo plural de Chilpancingo\u00bb, se\u00f1ala el texto.<br \/>\nEl mensaje, difiere de las declaraciones hechas por Leyva Mena, en el sentido de que el edil afirm\u00f3 que esos 15 pesos de \u00abcooperaci\u00f3n\u00bb para el servicio de recolecci\u00f3n de basura, se ver\u00eda reflejado el 28 o 30 de agosto, en el recibo que distribuye la Comisi\u00f3n de Agua Potable y Alcantarillado de Chilpancingo (CAPACH).<br \/>\nLeyva Mena indic\u00f3 que la ley le faculta para establecer un cobro por servicios de recolecci\u00f3n, traslado, tratamiento y destino final de los residuos, todo ello sin tener que consultarlo con el cabildo.&nbsp;<br \/>\nCon dicho planteamiento, el municipio prev\u00e9 un ingreso mensual aproximado de 250 mil pesos, el cual permitir\u00e1 la compra de veh\u00edculos recolectores y contenedores, que estar\u00e1n a cargo de la Secretar\u00eda de Servicios P\u00fablicos Municipales.&nbsp;<br \/>\nOtra propuesta que tambi\u00e9n hizo p\u00fablica el edil, es que pedir\u00e1 la intervenci\u00f3n de la Procuradur\u00eda Federal del Consumidor (PROFECO), para regular los costos de quienes ofrecen el servicio privado de recolecci\u00f3n de basura.<\/p>\n","protected":false},"excerpt":{"rendered":"<p>Mediante un comunicado, el ayuntamiento de Chilpancingo dio a conocer que se someter\u00e1 a consideraci\u00f3n del cabildo, la opci\u00f3n de establecer una \u00abcooperaci\u00f3n\u00bb mensual de 15 pesos por concepto de&hellip; <\/p>\n","protected":false},"author":1,"featured_media":0,"comment_status":"closed","ping_status":"closed","sticky":false,"template":"","format":"standard","meta":{"fifu_image_url":"","fifu_image_alt":"","footnotes":""},"categories":[13,8],"tags":[],"class_list":["post-7282","post","type-post","status-publish","format-standard","hentry","category-capital","category-featured"],"_links":{"self":[{"href":"https:\/\/www.interaccionnoticias.com.mx\/index.php?rest_route=\/wp\/v2\/posts\/7282","targetHints":{"allow":["GET"]}}],"collection":[{"href":"https:\/\/www.interaccionnoticias.com.mx\/index.php?rest_route=\/wp\/v2\/posts"}],"about":[{"href":"https:\/\/www.interaccionnoticias.com.mx\/index.php?rest_route=\/wp\/v2\/types\/post"}],"author":[{"embeddable":true,"href":"https:\/\/www.interaccionnoticias.com.mx\/index.php?rest_route=\/wp\/v2\/users\/1"}],"replies":[{"embeddable":true,"href":"https:\/\/www.interaccionnoticias.com.mx\/index.php?rest_route=%2Fwp%2Fv2%2Fcomments&post=7282"}],"version-history":[{"count":0,"href":"https:\/\/www.interaccionnoticias.com.mx\/index.php?rest_route=\/wp\/v2\/posts\/7282\/revisions"}],"wp:attachment":[{"href":"https:\/\/www.interaccionnoticias.com.mx\/index.php?rest_route=%2Fwp%2Fv2%2Fmedia&parent=7282"}],"wp:term":[{"taxonomy":"category","embeddable":true,"href":"https:\/\/www.interaccionnoticias.com.mx\/index.php?rest_route=%2Fwp%2Fv2%2Fcategories&post=7282"},{"taxonomy":"post_tag","embeddable":true,"href":"https:\/\/www.interaccionnoticias.com.mx\/index.php?rest_route=%2Fwp%2Fv2%2Ftags&post=7282"}],"curies":[{"name":"wp","href":"https:\/\/api.w.org\/{rel}","templated":true}]}}