{"id":7279,"date":"2017-08-17T07:44:21","date_gmt":"2017-08-17T12:44:21","guid":{"rendered":"http:\/\/www.inter-accion.com.mx\/?p=7279"},"modified":"2017-08-17T07:44:21","modified_gmt":"2017-08-17T12:44:21","slug":"choque-entre-autobus-de-pasajeros-y-camion-de-carga-deja-un-muerto-y-33-personas-lesionadas","status":"publish","type":"post","link":"https:\/\/www.interaccionnoticias.com.mx\/?p=7279","title":{"rendered":"Choque entre autob\u00fas de pasajeros y cami\u00f3n de carga deja un muerto y 33 personas lesionadas"},"content":{"rendered":"<p>Se registra choque de autob\u00fas de pasajeros y un cami\u00f3n de carga sobre la autopista del sol dejando un saldo preliminar de un muerto y 33 lesionados.<br \/>\nLos hechos ocurrieron alrededor de las 21:15 horas, en la autopista del Sol M\u00e9xico &#8211; Acapulco, tramo Chilpancingo &#8211; Mezcala carril norte-sur, kil\u00f3metro 232, donde un autob\u00fas de la empresa Costa Line de N\u00ba econ\u00f3mico 2527, placas 052-JV-4 del servicio p\u00fablico federal se impact\u00f3 en la parte trasera de un tr\u00e1iler que transportaba barras de concreto.<br \/>\nAl lugar acudieron en auxilio unidades y personal de la Secretar\u00eda de Protecci\u00f3n Civil Estatal, en coordinaci\u00f3n con unidades y personal de Cruz Roja Mexicana, Capufe, Bomberos y Protecci\u00f3n Civil del municipio de Chilpancingo.<br \/>\nEl saldo hasta el momento es de una persona fallecida y 33 personas lesionadas, 30 con lesiones por golpes y 3 con lesiones de consideraci\u00f3n, los cuales est\u00e1n siendo trasladados a Hospitales de la Ciudad de Chilpancingo.<\/p>\n","protected":false},"excerpt":{"rendered":"<p>Se registra choque de autob\u00fas de pasajeros y un cami\u00f3n de carga sobre la autopista del sol dejando un saldo preliminar de un muerto y 33 lesionados. Los hechos ocurrieron&hellip; <\/p>\n","protected":false},"author":1,"featured_media":0,"comment_status":"closed","ping_status":"closed","sticky":false,"template":"","format":"standard","meta":{"fifu_image_url":"","fifu_image_alt":"","footnotes":""},"categories":[8,23],"tags":[],"class_list":["post-7279","post","type-post","status-publish","format-standard","hentry","category-featured","category-regionales"],"_links":{"self":[{"href":"https:\/\/www.interaccionnoticias.com.mx\/index.php?rest_route=\/wp\/v2\/posts\/7279","targetHints":{"allow":["GET"]}}],"collection":[{"href":"https:\/\/www.interaccionnoticias.com.mx\/index.php?rest_route=\/wp\/v2\/posts"}],"about":[{"href":"https:\/\/www.interaccionnoticias.com.mx\/index.php?rest_route=\/wp\/v2\/types\/post"}],"author":[{"embeddable":true,"href":"https:\/\/www.interaccionnoticias.com.mx\/index.php?rest_route=\/wp\/v2\/users\/1"}],"replies":[{"embeddable":true,"href":"https:\/\/www.interaccionnoticias.com.mx\/index.php?rest_route=%2Fwp%2Fv2%2Fcomments&post=7279"}],"version-history":[{"count":0,"href":"https:\/\/www.interaccionnoticias.com.mx\/index.php?rest_route=\/wp\/v2\/posts\/7279\/revisions"}],"wp:attachment":[{"href":"https:\/\/www.interaccionnoticias.com.mx\/index.php?rest_route=%2Fwp%2Fv2%2Fmedia&parent=7279"}],"wp:term":[{"taxonomy":"category","embeddable":true,"href":"https:\/\/www.interaccionnoticias.com.mx\/index.php?rest_route=%2Fwp%2Fv2%2Fcategories&post=7279"},{"taxonomy":"post_tag","embeddable":true,"href":"https:\/\/www.interaccionnoticias.com.mx\/index.php?rest_route=%2Fwp%2Fv2%2Ftags&post=7279"}],"curies":[{"name":"wp","href":"https:\/\/api.w.org\/{rel}","templated":true}]}}