{"id":7276,"date":"2017-08-16T21:05:37","date_gmt":"2017-08-17T02:05:37","guid":{"rendered":"http:\/\/www.inter-accion.com.mx\/?p=7276"},"modified":"2017-08-16T21:05:37","modified_gmt":"2017-08-17T02:05:37","slug":"niega-titular-de-la-ssp-cualquier-vinculo-con-la-delincuencia","status":"publish","type":"post","link":"https:\/\/www.interaccionnoticias.com.mx\/?p=7276","title":{"rendered":"Niega titular de la SSP cualquier v\u00ednculo con la delincuencia"},"content":{"rendered":"<p><strong>&nbsp;Las acusaciones solo se han hecho por v\u00edas que garantizan el anonimato<\/strong><br \/>\nLa Secretar\u00eda de Seguridad P\u00fablica (SSP) rechaz\u00f3 cualquier vinculaci\u00f3n de su titular, el general Pedro Almaz\u00e1n Cervantes y los principales mandos de la dependencia con las organizaciones del crimen organizado que operan en el estado de Guerrero.<br \/>\nV\u00eda comunicado, la dependencia hizo alusi\u00f3n, por primera ves de manera institucional hacia \u201clas indignantes, dolosas, injustificadas y perversas publicaciones que de manera reiterada se han difundido en \u00faltimas fechas, a trav\u00e9s de redes sociales para se\u00f1alar supuestos actos de corrupci\u00f3n y complicidad del titular de esta SSP y algunos mandos medios y superiores de la Polic\u00eda Estatal con grupos delincuenciales\u201d.<br \/>\nEn un documento difundido la jornada del 16 de agosto, la SSP manifiesta su rechazo hacia las imputaciones con las que se pretende vincular al general Pedro Almaz\u00e1n Cervantes con grupos delincuenciales, incluso se establece un deslinde de la comisi\u00f3n \u201cde cualquier acto que implique deshonor a su investidura militar y deslealtad hacia el pueblo de Guerrero, que lo aparten de los principios de legalidad, objetividad, eficiencia, profesionalismo, honradez, y respeto a los derechos humanos, que deben regir la actuaci\u00f3n policial\u201d.<br \/>\nSe hace referencia a que Almaz\u00e1n Cervantes tiene en activo m\u00e1s de 40 a\u00f1os en el&nbsp;&nbsp;servicio p\u00fablico, tanto desde la estructura de la Secretaria de la Defensa Nacional (Sedena) como de otras instituciones.&nbsp;<br \/>\n\u201cNo permitiremos que estos delincuentes e individuos con oscuros intereses y visibles intensiones de desacreditar el enorme esfuerzo que a pesar de sus precarios recursos realiza esta secretar\u00eda, generen desinformaci\u00f3n y desconfianza hacia esta instituci\u00f3n y hacia la Polic\u00eda Estatal, que con toda \u00e9tica, responsabilidad, valent\u00eda y profesionalismo se han empe\u00f1ado como nunca, para recuperar los niveles de seguridad que tanto anhelan los guerrerenses\u201d, refiere el comunicado.&nbsp;<br \/>\nSe anota que&nbsp;dichas publicaciones solo se han difundido vali\u00e9ndose del anonimato que ofrecen las redes sociales, el empleo de perfiles falsos y mensajes de WhatsApp, adem\u00e1s de mantas y videos clandestinos, \u201ca trav\u00e9s de los cuales los grupos delincuenciales cobardemente exhiben la ejecuci\u00f3n de sus v\u00edctimas\u201d.&nbsp;<br \/>\nContin\u00faa: \u201cLas aberrantes calumnias, amenazas y falsos se\u00f1alamientos de estos delincuentes, no mermar\u00e1n el gran esp\u00edritu de servicio que hoy caracteriza a nuestros Polic\u00edas Estatales y por el contrario, continuar\u00e1n esforz\u00e1ndose y poniendo su m\u00e1ximo empe\u00f1o para proteger a la ciudadan\u00eda y garantizar el libre ejercicio de sus derechos, como se ha hecho en los \u00faltimos a\u00f1os, rompiendo los paradigmas que por mucho tiempo impidi\u00f3 a nuestra Polic\u00eda Estatal reposicionar su prestigio ante la opini\u00f3n p\u00fablica\u201d.<br \/>\nSe insiste en el objetivo de liberar a la poblaci\u00f3n del c\u00e1ncer que representa la delincuencia organizada en sus diferentes ramificaciones.<br \/>\nSE reconoce tambi\u00e9n que&nbsp;las corporaciones policiales a\u00fan se encuentran en proceso de depuraci\u00f3n, profesionalizaci\u00f3n y fortalecimiento, pero se apunta que la intenci\u00f3n es cumplir con un alto grado de acierto y confiablidad las misiones que les corresponden.<br \/>\nPor esa raz\u00f3n, la SSP y su titular ratificaron su compromiso de mantenerse en la lucha contra la inseguridad al lado de la ciudadan\u00eda.<\/p>\n","protected":false},"excerpt":{"rendered":"<p>&nbsp;Las acusaciones solo se han hecho por v\u00edas que garantizan el anonimato La Secretar\u00eda de Seguridad P\u00fablica (SSP) rechaz\u00f3 cualquier vinculaci\u00f3n de su titular, el general Pedro Almaz\u00e1n Cervantes y&hellip; <\/p>\n","protected":false},"author":1,"featured_media":0,"comment_status":"closed","ping_status":"closed","sticky":false,"template":"","format":"standard","meta":{"fifu_image_url":"","fifu_image_alt":"","footnotes":""},"categories":[8,11],"tags":[],"class_list":["post-7276","post","type-post","status-publish","format-standard","hentry","category-featured","category-guerrero"],"_links":{"self":[{"href":"https:\/\/www.interaccionnoticias.com.mx\/index.php?rest_route=\/wp\/v2\/posts\/7276","targetHints":{"allow":["GET"]}}],"collection":[{"href":"https:\/\/www.interaccionnoticias.com.mx\/index.php?rest_route=\/wp\/v2\/posts"}],"about":[{"href":"https:\/\/www.interaccionnoticias.com.mx\/index.php?rest_route=\/wp\/v2\/types\/post"}],"author":[{"embeddable":true,"href":"https:\/\/www.interaccionnoticias.com.mx\/index.php?rest_route=\/wp\/v2\/users\/1"}],"replies":[{"embeddable":true,"href":"https:\/\/www.interaccionnoticias.com.mx\/index.php?rest_route=%2Fwp%2Fv2%2Fcomments&post=7276"}],"version-history":[{"count":0,"href":"https:\/\/www.interaccionnoticias.com.mx\/index.php?rest_route=\/wp\/v2\/posts\/7276\/revisions"}],"wp:attachment":[{"href":"https:\/\/www.interaccionnoticias.com.mx\/index.php?rest_route=%2Fwp%2Fv2%2Fmedia&parent=7276"}],"wp:term":[{"taxonomy":"category","embeddable":true,"href":"https:\/\/www.interaccionnoticias.com.mx\/index.php?rest_route=%2Fwp%2Fv2%2Fcategories&post=7276"},{"taxonomy":"post_tag","embeddable":true,"href":"https:\/\/www.interaccionnoticias.com.mx\/index.php?rest_route=%2Fwp%2Fv2%2Ftags&post=7276"}],"curies":[{"name":"wp","href":"https:\/\/api.w.org\/{rel}","templated":true}]}}