{"id":7255,"date":"2017-08-16T19:05:43","date_gmt":"2017-08-17T00:05:43","guid":{"rendered":"http:\/\/www.inter-accion.com.mx\/?p=7255"},"modified":"2017-08-16T19:05:43","modified_gmt":"2017-08-17T00:05:43","slug":"niega-alcalde-de-olinala-discriminacion-en-contra-de-comunidades-que-pretenden-segregarse","status":"publish","type":"post","link":"https:\/\/www.interaccionnoticias.com.mx\/?p=7255","title":{"rendered":"Niega alcalde de Olinal\u00e1 discriminaci\u00f3n en contra de comunidades que pretenden segregarse"},"content":{"rendered":"<p>El alcalde de Olinal\u00e1, Sa\u00fal Apreza Patr\u00f3n neg\u00f3 que haya un trato discriminatorio hacia las comunidades que pretenden constituirse en un nuevo municipio.<br \/>\nEn Chilpancingo, Apreza Patr\u00f3n manifest\u00f3 que tiene conocimiento de que las comunidades ind\u00edgenas, con Temalacatzingo a la cabeza tienen varios a\u00f1os gestionando ante el Congreso su conversi\u00f3n en un nuevo municipio.<br \/>\nRecord\u00f3 que de acuerdo con la ley, las comunidades que integran un nuevo municipios deben concentrar por lo menos 25 mil habitantes, pero en el caso de Olinal\u00e1, entre la cabecera municipal y las comunidades ind\u00edgenas apenas re\u00fanen 24 mil 800 pobladores.<br \/>\nSin embargo, dijo que es respetuoso del trabajo que realizan los promotores de la creaci\u00f3n del nuevo municipio, ya que tambi\u00e9n reconoci\u00f3&nbsp;&nbsp;que est\u00e1n en su derecho.<br \/>\nEn todo caso, dijo que lo que queda, es esperar a que haya una determinaci\u00f3n sobre el caso en la C\u00e1mara de diputados.<br \/>\nRecord\u00f3 que las comunidades ind\u00edgenas representan aproximadamente el 52 porciento de la poblaci\u00f3n general del municipio.<br \/>\nExplic\u00f3 que ya tuvo la oportunidad de dialogar con el comisario de Temalacatzingo, Ramos Reyes Guerrero, sobre las razones que esgrimen para defender la petici\u00f3n del nuevo municipio.<br \/>\n\u201cNosotros hemos atendido muy bien a la zona ind\u00edgena, prueba de ellos es que en 2015 se hizo la obra m\u00e1s importante, que fue la pavimentaci\u00f3n de casi 2.5 kil\u00f3metros con concreto hidr\u00e1ulico, en la calle principal de Temalacatzingo\u201d, anot\u00f3.<br \/>\nApreza refiri\u00f3 que entre el municipio, estado y federaci\u00f3n se ha dado a atenci\u00f3n que las comunidades ind\u00edgenas reclaman, sin embargo, la petici\u00f3n de que se genere un nuevo municipio persiste.<\/p>\n","protected":false},"excerpt":{"rendered":"<p>El alcalde de Olinal\u00e1, Sa\u00fal Apreza Patr\u00f3n neg\u00f3 que haya un trato discriminatorio hacia las comunidades que pretenden constituirse en un nuevo municipio. En Chilpancingo, Apreza Patr\u00f3n manifest\u00f3 que tiene&hellip; <\/p>\n","protected":false},"author":1,"featured_media":0,"comment_status":"closed","ping_status":"closed","sticky":false,"template":"","format":"standard","meta":{"fifu_image_url":"","fifu_image_alt":"","footnotes":""},"categories":[8,23],"tags":[],"class_list":["post-7255","post","type-post","status-publish","format-standard","hentry","category-featured","category-regionales"],"_links":{"self":[{"href":"https:\/\/www.interaccionnoticias.com.mx\/index.php?rest_route=\/wp\/v2\/posts\/7255","targetHints":{"allow":["GET"]}}],"collection":[{"href":"https:\/\/www.interaccionnoticias.com.mx\/index.php?rest_route=\/wp\/v2\/posts"}],"about":[{"href":"https:\/\/www.interaccionnoticias.com.mx\/index.php?rest_route=\/wp\/v2\/types\/post"}],"author":[{"embeddable":true,"href":"https:\/\/www.interaccionnoticias.com.mx\/index.php?rest_route=\/wp\/v2\/users\/1"}],"replies":[{"embeddable":true,"href":"https:\/\/www.interaccionnoticias.com.mx\/index.php?rest_route=%2Fwp%2Fv2%2Fcomments&post=7255"}],"version-history":[{"count":0,"href":"https:\/\/www.interaccionnoticias.com.mx\/index.php?rest_route=\/wp\/v2\/posts\/7255\/revisions"}],"wp:attachment":[{"href":"https:\/\/www.interaccionnoticias.com.mx\/index.php?rest_route=%2Fwp%2Fv2%2Fmedia&parent=7255"}],"wp:term":[{"taxonomy":"category","embeddable":true,"href":"https:\/\/www.interaccionnoticias.com.mx\/index.php?rest_route=%2Fwp%2Fv2%2Fcategories&post=7255"},{"taxonomy":"post_tag","embeddable":true,"href":"https:\/\/www.interaccionnoticias.com.mx\/index.php?rest_route=%2Fwp%2Fv2%2Ftags&post=7255"}],"curies":[{"name":"wp","href":"https:\/\/api.w.org\/{rel}","templated":true}]}}