{"id":7252,"date":"2017-08-16T18:57:13","date_gmt":"2017-08-16T23:57:13","guid":{"rendered":"http:\/\/www.inter-accion.com.mx\/?p=7252"},"modified":"2017-08-16T18:57:13","modified_gmt":"2017-08-16T23:57:13","slug":"descarta-alvarez-icaza-que-el-dialogo-con-los-narcos-sea-la-via-para-lograr-la-paz","status":"publish","type":"post","link":"https:\/\/www.interaccionnoticias.com.mx\/?p=7252","title":{"rendered":"Descarta \u00c1lvarez Icaza que el di\u00e1logo con los narcos sea la v\u00eda para lograr la paz"},"content":{"rendered":"<p class=\"m_6102598454159645770MsoNoSpacing\">El ex secretario general de la Comisi\u00f3n Interamericana de los Derechos Humanos (CIDH), Emilio \u00c1lvarez Icaza, descart\u00f3 que el di\u00e1logo entre las autoridades y la delincuencia organizada sea la v\u00eda para lograr la paz en Guerrero.<\/p>\n<p class=\"m_6102598454159645770MsoNoSpacing\">Desde hace varios meses el obispo de la Di\u00f3cesis Chilpancingo-Chilapa, Salvador Rangel Mendoza, ha sostenido encuentros con grupos delictivos que operan &nbsp;en los municipios de Chilpancingo, Chilapa y Quechultenango, as\u00ed como en las regiones Sierra y Tierra Caliente.<\/p>\n<p class=\"m_6102598454159645770MsoNoSpacing\">El prelado cat\u00f3lico ha insistido en la necesidad de que las autoridades dialoguen con el narco para lograr un pacto de paz.<\/p>\n<p class=\"m_6102598454159645770MsoNoSpacing\">Cuestionado al respecto, \u00c1lvarez Icaza reconoci\u00f3 que Guerrero ha alcanzado \u201cdolorosos niveles de violencia extrema\u201d.<\/p>\n<p class=\"m_6102598454159645770MsoNoSpacing\">Sin embargo, descart\u00f3 que una tregua ente gobierno y grupos delictivos sea la v\u00eda para poner fin a la violencia.<\/p>\n<p class=\"m_6102598454159645770MsoNoSpacing\">\u201cYo creo que todos los sectores deben de hacer un pacto por la paz y me parece muy dif\u00edcil que los narcos sean parte de ese di\u00e1logo, porque son ellos quienes est\u00e1n desafiando a la comunidad\u201d, expuso el soci\u00f3logo y defensor de los derechos humanos.<\/p>\n<p class=\"m_6102598454159645770MsoNoSpacing\">Adem\u00e1s, dijo, \u201cla delincuencia no est\u00e1 a la mesa en ninguna de sus formas\u201d, ya sea de manera directa o \u201cdisfrazada de gobierno, de autodefensas o como fuere\u201d.<\/p>\n<p class=\"m_6102598454159645770MsoNoSpacing\">Para el ex secretario general de la CIDH, \u201ces muy dif\u00edcil pedirle paz a quien provoca la violencia\u201d, ya que la delincuencia organizada emplea m\u00e9todos como los asesinatos y las extorsiones para allegarse de recursos.<\/p>\n<p class=\"m_6102598454159645770MsoNoSpacing\">\u201cEl mecanismo de la delincuencia es la violencia, entonces no podemos pedirle paz\u201d, insisti\u00f3.<\/p>\n<p class=\"m_6102598454159645770MsoNoSpacing\">El obispo Salvador Rangel Mendoza ha basado su propuesta de di\u00e1logo entre narcos y autoridades en la experiencia de Colombia, donde el presidente Juan Manuel Santos y las Fuerzas Armadas Revolucionarias (FARC) lograron un pacto de paz, con el que se puso fin a m\u00e1s de medio siglo de conflicto armado.<\/p>\n<p class=\"m_6102598454159645770MsoNoSpacing\"><strong>Seg\u00fan \u00c1lvarez Icaza, el caso de Guerrero es distinto al de Colombia.<\/strong><\/p>\n<p class=\"m_6102598454159645770MsoNoSpacing\">\u201cAll\u00e1 la paz se construy\u00f3 con un grupo armado que quer\u00eda tomar el poder. Aqu\u00ed en Guerrero son narcos que no est\u00e1 necesariamente buscando el poder pol\u00edtico. Incluso subordinan al poder, pero no lo quieren. Creo que Colombia y Guerrero son hip\u00f3tesis distintas\u201d, expuso.<\/p>\n<p class=\"m_6102598454159645770MsoNoSpacing\">La \u00fanica v\u00eda posible para lograr la paz, seg\u00fan \u00c1lvarez Icaza, es \u201crompiendo las cadenas hist\u00f3ricas de impunidad\u201d de las que se alimenta la violencia.<\/p>\n","protected":false},"excerpt":{"rendered":"<p>El ex secretario general de la Comisi\u00f3n Interamericana de los Derechos Humanos (CIDH), Emilio \u00c1lvarez Icaza, descart\u00f3 que el di\u00e1logo entre las autoridades y la delincuencia organizada sea la v\u00eda&hellip; <\/p>\n","protected":false},"author":1,"featured_media":0,"comment_status":"closed","ping_status":"closed","sticky":false,"template":"","format":"standard","meta":{"fifu_image_url":"","fifu_image_alt":"","footnotes":""},"categories":[8,15],"tags":[],"class_list":["post-7252","post","type-post","status-publish","format-standard","hentry","category-featured","category-movimientos-sociales"],"_links":{"self":[{"href":"https:\/\/www.interaccionnoticias.com.mx\/index.php?rest_route=\/wp\/v2\/posts\/7252","targetHints":{"allow":["GET"]}}],"collection":[{"href":"https:\/\/www.interaccionnoticias.com.mx\/index.php?rest_route=\/wp\/v2\/posts"}],"about":[{"href":"https:\/\/www.interaccionnoticias.com.mx\/index.php?rest_route=\/wp\/v2\/types\/post"}],"author":[{"embeddable":true,"href":"https:\/\/www.interaccionnoticias.com.mx\/index.php?rest_route=\/wp\/v2\/users\/1"}],"replies":[{"embeddable":true,"href":"https:\/\/www.interaccionnoticias.com.mx\/index.php?rest_route=%2Fwp%2Fv2%2Fcomments&post=7252"}],"version-history":[{"count":0,"href":"https:\/\/www.interaccionnoticias.com.mx\/index.php?rest_route=\/wp\/v2\/posts\/7252\/revisions"}],"wp:attachment":[{"href":"https:\/\/www.interaccionnoticias.com.mx\/index.php?rest_route=%2Fwp%2Fv2%2Fmedia&parent=7252"}],"wp:term":[{"taxonomy":"category","embeddable":true,"href":"https:\/\/www.interaccionnoticias.com.mx\/index.php?rest_route=%2Fwp%2Fv2%2Fcategories&post=7252"},{"taxonomy":"post_tag","embeddable":true,"href":"https:\/\/www.interaccionnoticias.com.mx\/index.php?rest_route=%2Fwp%2Fv2%2Ftags&post=7252"}],"curies":[{"name":"wp","href":"https:\/\/api.w.org\/{rel}","templated":true}]}}