{"id":72462,"date":"2024-01-04T17:43:27","date_gmt":"2024-01-04T23:43:27","guid":{"rendered":"https:\/\/interaccionnoticias.com.mx\/?p=72462"},"modified":"2024-01-04T17:43:29","modified_gmt":"2024-01-04T23:43:29","slug":"hieren-de-un-balazo-en-la-cabeza-a-un-hombre-en-chilpancingo","status":"publish","type":"post","link":"https:\/\/www.interaccionnoticias.com.mx\/?p=72462","title":{"rendered":"Hieren de un balazo en la cabeza a un hombre, en Chilpancingo"},"content":{"rendered":"\n<p><strong><em>&#8212; Param\u00e9dicos de Protecci\u00f3n Civil lo trasladan de urgencia hacia un hospital<\/em><\/strong><\/p>\n\n\n\n<p><strong>Rogelio Agust\u00edn<\/strong><\/p>\n\n\n\n<p>Un hombre de aproximados 35 a\u00f1os de edad fue herido de un balazo en la cabeza en la barranca del Huaje Seco, en el sector oriente de la capital del estado.<\/p>\n\n\n\n<p>El hecho se registr\u00f3 alrededor de las 17:00 horas del jueves 4 de enero, en la barranca ubicada entre las colonias San Rafael Oriente, Plutarco El\u00edas Calles y El Encanto.<\/p>\n\n\n\n<p>Un hombre de aproximados 35 a\u00f1os de edad, identificado como Eduardo \u201cN\u201d fue atacado por desconocidos, que lo dejaron tirado con una herida de bala en la cabeza.<\/p>\n\n\n\n<p>Al lugar arribaron elementos de la Polic\u00eda del Estado, quienes establecieron un cerco perimetral y facilitaron el paso a param\u00e9dicos de Protecci\u00f3n Civil, quienes al detectar que la v\u00edctima presentaba signos vitales procedieron a estabilizarlo y lo trasladaron de urgencia hacia un hospital.<\/p>\n\n\n\n<p>La barranca del Huaje Seco se encuentra en la parte alta del sector oriente de Chilpancingo, adelante del antiguo libramiento a Tixtla.<\/p>\n\n\n\n<p>Pese a la r\u00e1pida movilizaci\u00f3n de la Polic\u00eda del Estado y de la Guardia Nacional, no se tienen pistas de los agresores.<\/p>\n","protected":false},"excerpt":{"rendered":"<p>&#8212; Param\u00e9dicos de Protecci\u00f3n Civil lo trasladan de urgencia hacia un hospital Rogelio Agust\u00edn Un hombre de aproximados 35 a\u00f1os de edad fue herido de un balazo en la cabeza&hellip; <\/p>\n","protected":false},"author":21,"featured_media":72463,"comment_status":"open","ping_status":"open","sticky":false,"template":"","format":"standard","meta":{"fifu_image_url":"","fifu_image_alt":"","footnotes":""},"categories":[27],"tags":[],"class_list":["post-72462","post","type-post","status-publish","format-standard","has-post-thumbnail","hentry","category-seguridad-publica"],"_links":{"self":[{"href":"https:\/\/www.interaccionnoticias.com.mx\/index.php?rest_route=\/wp\/v2\/posts\/72462","targetHints":{"allow":["GET"]}}],"collection":[{"href":"https:\/\/www.interaccionnoticias.com.mx\/index.php?rest_route=\/wp\/v2\/posts"}],"about":[{"href":"https:\/\/www.interaccionnoticias.com.mx\/index.php?rest_route=\/wp\/v2\/types\/post"}],"author":[{"embeddable":true,"href":"https:\/\/www.interaccionnoticias.com.mx\/index.php?rest_route=\/wp\/v2\/users\/21"}],"replies":[{"embeddable":true,"href":"https:\/\/www.interaccionnoticias.com.mx\/index.php?rest_route=%2Fwp%2Fv2%2Fcomments&post=72462"}],"version-history":[{"count":1,"href":"https:\/\/www.interaccionnoticias.com.mx\/index.php?rest_route=\/wp\/v2\/posts\/72462\/revisions"}],"predecessor-version":[{"id":72464,"href":"https:\/\/www.interaccionnoticias.com.mx\/index.php?rest_route=\/wp\/v2\/posts\/72462\/revisions\/72464"}],"wp:featuredmedia":[{"embeddable":true,"href":"https:\/\/www.interaccionnoticias.com.mx\/index.php?rest_route=\/wp\/v2\/media\/72463"}],"wp:attachment":[{"href":"https:\/\/www.interaccionnoticias.com.mx\/index.php?rest_route=%2Fwp%2Fv2%2Fmedia&parent=72462"}],"wp:term":[{"taxonomy":"category","embeddable":true,"href":"https:\/\/www.interaccionnoticias.com.mx\/index.php?rest_route=%2Fwp%2Fv2%2Fcategories&post=72462"},{"taxonomy":"post_tag","embeddable":true,"href":"https:\/\/www.interaccionnoticias.com.mx\/index.php?rest_route=%2Fwp%2Fv2%2Ftags&post=72462"}],"curies":[{"name":"wp","href":"https:\/\/api.w.org\/{rel}","templated":true}]}}