{"id":72450,"date":"2024-01-04T17:26:42","date_gmt":"2024-01-04T23:26:42","guid":{"rendered":"https:\/\/interaccionnoticias.com.mx\/?p=72450"},"modified":"2024-01-04T17:26:50","modified_gmt":"2024-01-04T23:26:50","slug":"frente-a-su-esposa-matan-a-un-albanil-en-colonia-popular-de-chilpancingo","status":"publish","type":"post","link":"https:\/\/www.interaccionnoticias.com.mx\/?p=72450","title":{"rendered":"Frente a su esposa, matan a un alba\u00f1il en colonia popular de Chilpancingo"},"content":{"rendered":"\n<p><strong><em>&#8212; Es la cuarta v\u00edctima mortal en lo que va de 2024<\/em><\/strong><\/p>\n\n\n\n<p><strong>Rogelio Agust\u00edn<\/strong><\/p>\n\n\n\n<p>Un alba\u00f1il fue asesinado a balazos cuando caminaba junto a su esposa en la calle principal de la colonia SEDUE, en el sector norte de la capital del estado.<\/p>\n\n\n\n<p>El hecho se registr\u00f3 alrededor de las 13:30 horas del jueves 3 de enero, cuando la v\u00edctima caminaba junto con su esposa en la calle principal de dicho asentamiento humano.<\/p>\n\n\n\n<p>Los agresores cometieron el crimen ante la mirada de la esposa de la v\u00edctima, que qued\u00f3 en el lugar presa de una crisis nerviosa.<\/p>\n\n\n\n<p>El alba\u00f1il qued\u00f3 tirado con varios impactos en el cuerpo sobre la vialidad, hasta donde llegaron elementos de la Polic\u00eda del Estado que fungieron como primer respondiente.<\/p>\n\n\n\n<p>Una vez confirmado el deceso, al lugar llegaron elementos de la Fiscal\u00eda General del Estado (FGE) para realizar las diligencias correspondientes.<\/p>\n\n\n\n<p>Es la cuarta v\u00edctima mortal, de la serie de atentados que se han registrado en lo que va del inicio de 2024 en Chilpancingo.<\/p>\n\n\n\n<p>X\u00f3chilt Heredia Barrientos, encargada de despacho de la presidencia municipal, reconoci\u00f3 que hay preocupaci\u00f3n en la comuna por el repunte que registran los indicadores de violencia en la capital del estado.<\/p>\n\n\n\n<p>Este jueves, la titular de la Secretar\u00eda de Seguridad P\u00fablica Municipal, Martha Isela Vel\u00e1zquez Adame se reunir\u00eda con la Mesa Central para la Construcci\u00f3n de la Paz para analizar la forma en que se debe analizar el tema.<\/p>\n","protected":false},"excerpt":{"rendered":"<p>&#8212; Es la cuarta v\u00edctima mortal en lo que va de 2024 Rogelio Agust\u00edn Un alba\u00f1il fue asesinado a balazos cuando caminaba junto a su esposa en la calle principal&hellip; <\/p>\n","protected":false},"author":21,"featured_media":72451,"comment_status":"open","ping_status":"open","sticky":false,"template":"","format":"standard","meta":{"fifu_image_url":"","fifu_image_alt":"","footnotes":""},"categories":[27],"tags":[],"class_list":["post-72450","post","type-post","status-publish","format-standard","has-post-thumbnail","hentry","category-seguridad-publica"],"_links":{"self":[{"href":"https:\/\/www.interaccionnoticias.com.mx\/index.php?rest_route=\/wp\/v2\/posts\/72450","targetHints":{"allow":["GET"]}}],"collection":[{"href":"https:\/\/www.interaccionnoticias.com.mx\/index.php?rest_route=\/wp\/v2\/posts"}],"about":[{"href":"https:\/\/www.interaccionnoticias.com.mx\/index.php?rest_route=\/wp\/v2\/types\/post"}],"author":[{"embeddable":true,"href":"https:\/\/www.interaccionnoticias.com.mx\/index.php?rest_route=\/wp\/v2\/users\/21"}],"replies":[{"embeddable":true,"href":"https:\/\/www.interaccionnoticias.com.mx\/index.php?rest_route=%2Fwp%2Fv2%2Fcomments&post=72450"}],"version-history":[{"count":1,"href":"https:\/\/www.interaccionnoticias.com.mx\/index.php?rest_route=\/wp\/v2\/posts\/72450\/revisions"}],"predecessor-version":[{"id":72452,"href":"https:\/\/www.interaccionnoticias.com.mx\/index.php?rest_route=\/wp\/v2\/posts\/72450\/revisions\/72452"}],"wp:featuredmedia":[{"embeddable":true,"href":"https:\/\/www.interaccionnoticias.com.mx\/index.php?rest_route=\/wp\/v2\/media\/72451"}],"wp:attachment":[{"href":"https:\/\/www.interaccionnoticias.com.mx\/index.php?rest_route=%2Fwp%2Fv2%2Fmedia&parent=72450"}],"wp:term":[{"taxonomy":"category","embeddable":true,"href":"https:\/\/www.interaccionnoticias.com.mx\/index.php?rest_route=%2Fwp%2Fv2%2Fcategories&post=72450"},{"taxonomy":"post_tag","embeddable":true,"href":"https:\/\/www.interaccionnoticias.com.mx\/index.php?rest_route=%2Fwp%2Fv2%2Ftags&post=72450"}],"curies":[{"name":"wp","href":"https:\/\/api.w.org\/{rel}","templated":true}]}}