{"id":7243,"date":"2017-08-15T21:46:58","date_gmt":"2017-08-16T02:46:58","guid":{"rendered":"http:\/\/www.inter-accion.com.mx\/?p=7243"},"modified":"2017-08-15T21:46:58","modified_gmt":"2017-08-16T02:46:58","slug":"levantan-a-chofer-y-lo-matan-en-chilpancingo","status":"publish","type":"post","link":"https:\/\/www.interaccionnoticias.com.mx\/?p=7243","title":{"rendered":"Levantan a chofer y lo matan, en Chilpancingo"},"content":{"rendered":"<p>La tarde del martes, un chofer del servicio p\u00fablico fue \u201clevantado\u201d por desconocidos, poco despu\u00e9s se encontr\u00f3 su cad\u00e1ver en la antigua carretera hacia la comunidad de Amojileca, en la parte norte de la capital de Guerrero.&nbsp;&nbsp;<br \/>\nPasado el mediod\u00eda, vecinos de la colonia Secci\u00f3n VII denunciaron la intercepci\u00f3n de una unidad tipo urvan del servicio p\u00fablico, lo que moviliz\u00f3 a personal de diferentes corporaciones polic\u00edacas.<br \/>\nAgentes de la Polic\u00eda Investigadora Ministerial (PIM) ubicaron sobre la avenida principal de la colonia de referencia la unida n\u00famero 601, la cual cubr\u00eda la ruta col secci\u00f3n VII \u2013mercado-centro, con plazas 4200FC, del servicio p\u00fablico.<br \/>\nLa unidad ten\u00eda el motor y las luces intermitentes encendidas, los agentes de la PIM ya no encontraron al chofer, por lo que aseguraron el lugar para permitir la llegada de peritos de la Fiscal\u00eda General del Estado (FGE).<br \/>\nA los pocos minutos se despleg\u00f3 un operativo de b\u00fasqueda en las colonias cercanas, lo que permiti\u00f3 que r\u00e1pidamente se encontrara el cad\u00e1ver del conductor sobre la antigua carretera hacia Amojileca, en la parte norte de la ciudad.<br \/>\nAunque param\u00e9dicos llegaron al punto, auscultaron el cuerpo y confirmaron que ya no ten\u00eda signos vitales, por lo que se retiraron para permitir el trabajo de personal del Servicio M\u00e9dico Forense (Semefo).<\/p>\n","protected":false},"excerpt":{"rendered":"<p>La tarde del martes, un chofer del servicio p\u00fablico fue \u201clevantado\u201d por desconocidos, poco despu\u00e9s se encontr\u00f3 su cad\u00e1ver en la antigua carretera hacia la comunidad de Amojileca, en la&hellip; <\/p>\n","protected":false},"author":1,"featured_media":0,"comment_status":"closed","ping_status":"closed","sticky":false,"template":"","format":"standard","meta":{"fifu_image_url":"","fifu_image_alt":"","footnotes":""},"categories":[8,27],"tags":[],"class_list":["post-7243","post","type-post","status-publish","format-standard","hentry","category-featured","category-seguridad-publica"],"_links":{"self":[{"href":"https:\/\/www.interaccionnoticias.com.mx\/index.php?rest_route=\/wp\/v2\/posts\/7243","targetHints":{"allow":["GET"]}}],"collection":[{"href":"https:\/\/www.interaccionnoticias.com.mx\/index.php?rest_route=\/wp\/v2\/posts"}],"about":[{"href":"https:\/\/www.interaccionnoticias.com.mx\/index.php?rest_route=\/wp\/v2\/types\/post"}],"author":[{"embeddable":true,"href":"https:\/\/www.interaccionnoticias.com.mx\/index.php?rest_route=\/wp\/v2\/users\/1"}],"replies":[{"embeddable":true,"href":"https:\/\/www.interaccionnoticias.com.mx\/index.php?rest_route=%2Fwp%2Fv2%2Fcomments&post=7243"}],"version-history":[{"count":0,"href":"https:\/\/www.interaccionnoticias.com.mx\/index.php?rest_route=\/wp\/v2\/posts\/7243\/revisions"}],"wp:attachment":[{"href":"https:\/\/www.interaccionnoticias.com.mx\/index.php?rest_route=%2Fwp%2Fv2%2Fmedia&parent=7243"}],"wp:term":[{"taxonomy":"category","embeddable":true,"href":"https:\/\/www.interaccionnoticias.com.mx\/index.php?rest_route=%2Fwp%2Fv2%2Fcategories&post=7243"},{"taxonomy":"post_tag","embeddable":true,"href":"https:\/\/www.interaccionnoticias.com.mx\/index.php?rest_route=%2Fwp%2Fv2%2Ftags&post=7243"}],"curies":[{"name":"wp","href":"https:\/\/api.w.org\/{rel}","templated":true}]}}