{"id":7230,"date":"2017-08-15T20:50:48","date_gmt":"2017-08-16T01:50:48","guid":{"rendered":"http:\/\/www.inter-accion.com.mx\/?p=7230"},"modified":"2017-08-15T20:50:48","modified_gmt":"2017-08-16T01:50:48","slug":"por-segunda-ocasion-suspenden-audiencia-sobre-amparo-de-200-policias-despedidos","status":"publish","type":"post","link":"https:\/\/www.interaccionnoticias.com.mx\/?p=7230","title":{"rendered":"Por segunda ocasi\u00f3n, suspenden audiencia sobre amparo de 200 polic\u00edas despedidos"},"content":{"rendered":"<p><strong>Piden dialogo con el gobernador<\/strong><br \/>\nPor segunda ocasi\u00f3n, los&nbsp;&nbsp;juzgados Primero y S\u00e9ptimo de Distrito suspendieron la audiencia en que se desahogar\u00eda lo relacionado con el amparo que promovieron casi 200 polic\u00edas estatales, los que aseguran, son victimas de despido injustificado por parte de la Secretar\u00eda de Seguridad P\u00fablica (SSP).<br \/>\nLos polic\u00edas que en mayo pasado realizaron un paro laboral con la intenci\u00f3n de solicitar mejores condiciones de trabajo, llegaron a la sede de los Juzgados de referencia poco despu\u00e9s de las 09:00 horas del martes 15 de agosto, con la intenci\u00f3n de dar seguimiento a la audiencia programada para conocer la resoluci\u00f3n respecto al recurso legal con el que defienden su permanencia en la SSP.<br \/>\nComo sucedi\u00f3 el 20 de julio pasado, ambos Juzgados solicitaron la ampliaci\u00f3n del tiempo necesario para emitir el pronunciamiento al respecto, con la intenci\u00f3n de analizar todos los elementos que han proporcionado los trabajadores y la SSP.<br \/>\nLos propios polic\u00edas se\u00f1alaron que de lo que se trata, es que el Poder Judicial emita un fallo sustentado en pruebas, con elementos suficientes para no generar ninguna controversia legal.<br \/>\nAunque el abogado que representa la defensa no quiso hablar con los medios, los polic\u00edas dijeron que conf\u00edan en que habr\u00e1 en el juez federal una revisi\u00f3n de todos los elementos aportados, de tal suerte que en 15 o 16 d\u00edas el asunto puede tener un desenlace.<br \/>\nAntes de que se conozca el fallo, los polic\u00edas solicitaron una reuni\u00f3n de trabajo con el gobernador H\u00e9ctor Astudillo Flores, para efecto de que se d\u00e9 la oportunidad de conocer la historia de cada uno de ellos, adem\u00e1s de tener m\u00e1s informaci\u00f3n sobre la situaci\u00f3n interna que enfrenta la SSP.<br \/>\n\u201cNosotros queremos que el gobernador nos de la oportunidad de hablar, que sepa que somos gente de bien, trabajadora y que no solamente estamos haciendo alboroto\u201d, se\u00f1al\u00f3 uno de los elementos despedidos.<br \/>\nEl hecho de que el asunto se prorrogue genera preocupaci\u00f3n en los casi 200 despedidos, aunque reconocen que s\u00ed no tuvieran raz\u00f3n jur\u00eddica ya existir\u00eda un fallo en su contra, lo que hasta el momento no ha sucedido.<br \/>\nPor esa raz\u00f3n, dijeron&nbsp;&nbsp;que si el gobernador aceptara dialogar con ellos, se dar\u00eda un paso importante en el camino por alcanzar una conciliaci\u00f3n.<br \/>\n&nbsp;&nbsp;&nbsp;&nbsp;<\/p>\n","protected":false},"excerpt":{"rendered":"<p>Piden dialogo con el gobernador Por segunda ocasi\u00f3n, los&nbsp;&nbsp;juzgados Primero y S\u00e9ptimo de Distrito suspendieron la audiencia en que se desahogar\u00eda lo relacionado con el amparo que promovieron casi 200&hellip; <\/p>\n","protected":false},"author":1,"featured_media":0,"comment_status":"closed","ping_status":"closed","sticky":false,"template":"","format":"standard","meta":{"fifu_image_url":"","fifu_image_alt":"","footnotes":""},"categories":[8,15],"tags":[],"class_list":["post-7230","post","type-post","status-publish","format-standard","hentry","category-featured","category-movimientos-sociales"],"_links":{"self":[{"href":"https:\/\/www.interaccionnoticias.com.mx\/index.php?rest_route=\/wp\/v2\/posts\/7230","targetHints":{"allow":["GET"]}}],"collection":[{"href":"https:\/\/www.interaccionnoticias.com.mx\/index.php?rest_route=\/wp\/v2\/posts"}],"about":[{"href":"https:\/\/www.interaccionnoticias.com.mx\/index.php?rest_route=\/wp\/v2\/types\/post"}],"author":[{"embeddable":true,"href":"https:\/\/www.interaccionnoticias.com.mx\/index.php?rest_route=\/wp\/v2\/users\/1"}],"replies":[{"embeddable":true,"href":"https:\/\/www.interaccionnoticias.com.mx\/index.php?rest_route=%2Fwp%2Fv2%2Fcomments&post=7230"}],"version-history":[{"count":0,"href":"https:\/\/www.interaccionnoticias.com.mx\/index.php?rest_route=\/wp\/v2\/posts\/7230\/revisions"}],"wp:attachment":[{"href":"https:\/\/www.interaccionnoticias.com.mx\/index.php?rest_route=%2Fwp%2Fv2%2Fmedia&parent=7230"}],"wp:term":[{"taxonomy":"category","embeddable":true,"href":"https:\/\/www.interaccionnoticias.com.mx\/index.php?rest_route=%2Fwp%2Fv2%2Fcategories&post=7230"},{"taxonomy":"post_tag","embeddable":true,"href":"https:\/\/www.interaccionnoticias.com.mx\/index.php?rest_route=%2Fwp%2Fv2%2Ftags&post=7230"}],"curies":[{"name":"wp","href":"https:\/\/api.w.org\/{rel}","templated":true}]}}