{"id":7224,"date":"2017-08-15T18:05:55","date_gmt":"2017-08-15T23:05:55","guid":{"rendered":"http:\/\/www.inter-accion.com.mx\/?p=7224"},"modified":"2017-08-15T18:05:55","modified_gmt":"2017-08-15T23:05:55","slug":"ex-secretario-de-la-cidh-acusa-a-la-fge-de-denegar-la-justicia-en-el-caso-chavarria","status":"publish","type":"post","link":"https:\/\/www.interaccionnoticias.com.mx\/?p=7224","title":{"rendered":"Ex secretario de la CIDH acusa a la FGE de denegar la justicia en el caso Chavarr\u00eda"},"content":{"rendered":"<p><strong>Pide que por lo menos haya acceso al expediente sobre el caso&nbsp;&nbsp;&nbsp;<\/strong><br \/>\nEl ex secretario de la Comisi\u00f3n Interamericana de Derechos Humanos (CIDH), Emilio Alvarez Icaza sostuvo que la Fiscal\u00eda Genera de Justicia (FGE) incurre en la denegaci\u00f3n de justicia en el caso de Armando Chavarr\u00eda Barrera, que este 20 de agosto cumplir\u00e1 ocho a\u00f1os de ser asesinado.<br \/>\nDe primera instancia, Alvarez Icaza manifest\u00f3 que asesinar al presidente del Congreso local ya es algo muy grave, pero que ocho a\u00f1os despu\u00e9s prevalezca la impunidad ya es m\u00e1s complicado, lo que manda una se\u00f1al de impunidad para la sociedad.<br \/>\nEl ahora coordinador del Consejo Promotor del Movimiento AHORA, destac\u00f3 que en Guerrero la impunidad es un elemento que aparece de manera constante en cap\u00edtulos completos de la historia.<br \/>\nComo ejemplo record\u00f3 el caso de las desapariciones registradas durante la Guerra Sucia, ya que el 80 porciento de toda la estad\u00edstica se cometieron en Guerrero, sin que hasta el momento se haya castigado a los responsables.<br \/>\nPor esa raz\u00f3n, consider\u00f3 importante que la familia Chavarr\u00eda tenga acceso a la coadyuvancia en las investigaciones, ya que a casi ocho a\u00f1os de distancia, la familia del extinto representante popular no ha tenido la oportunidad siquiera de revisar el expediente.<br \/>\nAsegur\u00f3 que no existe justificaci\u00f3n legal para que&nbsp;&nbsp;la viuda, Martha Obeso C\u00e1sares no tenga acceso al expediente, m\u00e1s si se esta ante la circunstancia de dejar en la indefensi\u00f3n o revictimizarla.<br \/>\n\u201cNo hay justificaci\u00f3n legal para que la familia no tenga el roll de la coadyuvancia en las investigaciones, porque a esta fecha, ocho a\u00f1os despu\u00e9s, la familia no tiene ni siquiera copia del expediente\u201d, anot\u00f3.<br \/>\nConsider\u00f3 importante al hecho de que el Congreso haya declarado al 20 de agosto como d\u00eda de luto, por ser la fecha en la que se cometi\u00f3 el asesinato en contra de Armando Chavarr\u00eda en el a\u00f1o 2009.<br \/>\nSin embargo, destac\u00f3 que el mensaje m\u00e1s poderoso que se debe mandar es el de la aplicaci\u00f3n de la ley, porque si la sociedad observa que en un asunto de esa naturaleza no hay justicia, pues entonces en otros casos no se puede aspirar a que haya castigo.<br \/>\nEl ex secretario ejecutivo de la CIDH, sostuvo que la aplicaci\u00f3n de la justica es necesaria para darle base a la lucha por la reconstrucci\u00f3n de la paz, pues solo de esa manera se erradicar\u00e1 la violencia.<br \/>\n\u201cUno de los caminos inevitables para acceder a la paz es la justicia, eso es un piso elemental en cualquier Estado Democr\u00e1tico y de Derecho\u201d, anot\u00f3.<br \/>\nEn el caso particular de la Fiscal\u00eda General del Estado (FGE), Emilio Alvarez Icaza indic\u00f3 que incurre en un acto de denegaci\u00f3n de la justicia, lo que tambi\u00e9n es sancionable en tribunales internacionales, sobre todo porque se est\u00e1 ante un magnicidio.<br \/>\nRecalc\u00f3 que la denegaci\u00f3n de justicia ya est\u00e1 considerada dentro de los est\u00e1ndares de denegaci\u00f3n de justicia dentro de la tipolog\u00eda de la revictimizaci\u00f3n.<br \/>\nDe hecho, consider\u00f3 como grave el hecho de que la FGE haya querido retomar la l\u00ednea de investigaci\u00f3n que apunta hacia la guerrilla, lo que ya hace mucho tiempo qued\u00f3 completamente desacreditado.<\/p>\n","protected":false},"excerpt":{"rendered":"<p>Pide que por lo menos haya acceso al expediente sobre el caso&nbsp;&nbsp;&nbsp; El ex secretario de la Comisi\u00f3n Interamericana de Derechos Humanos (CIDH), Emilio Alvarez Icaza sostuvo que la Fiscal\u00eda&hellip; <\/p>\n","protected":false},"author":1,"featured_media":0,"comment_status":"closed","ping_status":"closed","sticky":false,"template":"","format":"standard","meta":{"fifu_image_url":"","fifu_image_alt":"","footnotes":""},"categories":[8,15],"tags":[],"class_list":["post-7224","post","type-post","status-publish","format-standard","hentry","category-featured","category-movimientos-sociales"],"_links":{"self":[{"href":"https:\/\/www.interaccionnoticias.com.mx\/index.php?rest_route=\/wp\/v2\/posts\/7224","targetHints":{"allow":["GET"]}}],"collection":[{"href":"https:\/\/www.interaccionnoticias.com.mx\/index.php?rest_route=\/wp\/v2\/posts"}],"about":[{"href":"https:\/\/www.interaccionnoticias.com.mx\/index.php?rest_route=\/wp\/v2\/types\/post"}],"author":[{"embeddable":true,"href":"https:\/\/www.interaccionnoticias.com.mx\/index.php?rest_route=\/wp\/v2\/users\/1"}],"replies":[{"embeddable":true,"href":"https:\/\/www.interaccionnoticias.com.mx\/index.php?rest_route=%2Fwp%2Fv2%2Fcomments&post=7224"}],"version-history":[{"count":0,"href":"https:\/\/www.interaccionnoticias.com.mx\/index.php?rest_route=\/wp\/v2\/posts\/7224\/revisions"}],"wp:attachment":[{"href":"https:\/\/www.interaccionnoticias.com.mx\/index.php?rest_route=%2Fwp%2Fv2%2Fmedia&parent=7224"}],"wp:term":[{"taxonomy":"category","embeddable":true,"href":"https:\/\/www.interaccionnoticias.com.mx\/index.php?rest_route=%2Fwp%2Fv2%2Fcategories&post=7224"},{"taxonomy":"post_tag","embeddable":true,"href":"https:\/\/www.interaccionnoticias.com.mx\/index.php?rest_route=%2Fwp%2Fv2%2Ftags&post=7224"}],"curies":[{"name":"wp","href":"https:\/\/api.w.org\/{rel}","templated":true}]}}