{"id":7215,"date":"2017-08-14T20:06:49","date_gmt":"2017-08-15T01:06:49","guid":{"rendered":"http:\/\/www.inter-accion.com.mx\/?p=7215"},"modified":"2017-08-14T20:06:49","modified_gmt":"2017-08-15T01:06:49","slug":"empresarios-ya-no-portaran-armas-contra-la-delincuencia","status":"publish","type":"post","link":"https:\/\/www.interaccionnoticias.com.mx\/?p=7215","title":{"rendered":"Empresarios ya no portar\u00e1n armas contra la delincuencia"},"content":{"rendered":"<p>El l\u00edder de la Confederaci\u00f3n Patronal de la Rep\u00fablica Mexicana (COPARMEX) en Chilpancingo, Adri\u00e1n Alarc\u00f3n R\u00edos dijo que no se hablar\u00e1 m\u00e1s entre sus agremiados de la posibilidad de armarse para hacer frente al hostigamiento de grupos delictivos.<br \/>\nEn contraste con ello, dijo, que una propuesta para revertir los altos \u00edndices delictivos, pudiera ser que los circuitos de videovigilancia de los negocios adheridos a la COPARMEX, puedan ser integrados al Centro de Control, Comando, Comunicaciones y C\u00f3mputo (C4), que actualmente est\u00e1 a cargo de personal de la Secretar\u00eda de Seguridad P\u00fablica.<br \/>\nDe concretarse esa propuesta, el l\u00edder empresarial pedir\u00eda que una comisi\u00f3n de comerciantes sea incluida en las tareas de vigilancia, con una capacitaci\u00f3n previa.<br \/>\nAdem\u00e1s dio a conocer la existencia de una red de autoprotecci\u00f3n de empresarios, en coordinaci\u00f3n con la C\u00e1mara Nacional de Comercio (CANACO), la cual consiste en un sistema de alertamiento y monitoreo de sus agremiados por mensajer\u00eda de texto, sin embargo, declar\u00f3 que esa acci\u00f3n es insuficiente.<br \/>\nAgreg\u00f3 que al no promover la portaci\u00f3n de armas, al menos entre sus afiliados, se busca que los empresarios se conduzcan por la v\u00eda legal, y dejen la seguridad en manos de las autoridades militares y policiacas.<br \/>\nAlarc\u00f3n R\u00edos, no descart\u00f3 que afiliados a una de las dos c\u00e1maras de comercio con m\u00e1s participaci\u00f3n en la capital, se hayan armado de manera clandestina, pero explic\u00f3 que esa situaci\u00f3n es particular y no una decisi\u00f3n grupal.<br \/>\nHasta hace medio a\u00f1o, las dirigencias de la CANACO y la COPARMEX, informaron que mediante escritos, solicitaron a la Secretar\u00eda de la Defensa Nacional (SEDENA), les otorgara los permisos correspondientes para la aportaci\u00f3n de armas, ante el constante ataque del crimen organizado al sector comercial.<br \/>\n&nbsp;<\/p>\n","protected":false},"excerpt":{"rendered":"<p>El l\u00edder de la Confederaci\u00f3n Patronal de la Rep\u00fablica Mexicana (COPARMEX) en Chilpancingo, Adri\u00e1n Alarc\u00f3n R\u00edos dijo que no se hablar\u00e1 m\u00e1s entre sus agremiados de la posibilidad de armarse&hellip; <\/p>\n","protected":false},"author":1,"featured_media":0,"comment_status":"closed","ping_status":"closed","sticky":false,"template":"","format":"standard","meta":{"fifu_image_url":"","fifu_image_alt":"","footnotes":""},"categories":[13,8],"tags":[],"class_list":["post-7215","post","type-post","status-publish","format-standard","hentry","category-capital","category-featured"],"_links":{"self":[{"href":"https:\/\/www.interaccionnoticias.com.mx\/index.php?rest_route=\/wp\/v2\/posts\/7215","targetHints":{"allow":["GET"]}}],"collection":[{"href":"https:\/\/www.interaccionnoticias.com.mx\/index.php?rest_route=\/wp\/v2\/posts"}],"about":[{"href":"https:\/\/www.interaccionnoticias.com.mx\/index.php?rest_route=\/wp\/v2\/types\/post"}],"author":[{"embeddable":true,"href":"https:\/\/www.interaccionnoticias.com.mx\/index.php?rest_route=\/wp\/v2\/users\/1"}],"replies":[{"embeddable":true,"href":"https:\/\/www.interaccionnoticias.com.mx\/index.php?rest_route=%2Fwp%2Fv2%2Fcomments&post=7215"}],"version-history":[{"count":0,"href":"https:\/\/www.interaccionnoticias.com.mx\/index.php?rest_route=\/wp\/v2\/posts\/7215\/revisions"}],"wp:attachment":[{"href":"https:\/\/www.interaccionnoticias.com.mx\/index.php?rest_route=%2Fwp%2Fv2%2Fmedia&parent=7215"}],"wp:term":[{"taxonomy":"category","embeddable":true,"href":"https:\/\/www.interaccionnoticias.com.mx\/index.php?rest_route=%2Fwp%2Fv2%2Fcategories&post=7215"},{"taxonomy":"post_tag","embeddable":true,"href":"https:\/\/www.interaccionnoticias.com.mx\/index.php?rest_route=%2Fwp%2Fv2%2Ftags&post=7215"}],"curies":[{"name":"wp","href":"https:\/\/api.w.org\/{rel}","templated":true}]}}