{"id":7207,"date":"2017-08-14T19:10:05","date_gmt":"2017-08-15T00:10:05","guid":{"rendered":"http:\/\/www.inter-accion.com.mx\/?p=7207"},"modified":"2017-08-14T19:10:05","modified_gmt":"2017-08-15T00:10:05","slug":"dirigente-del-prd-en-chilpancingo-renunciara-a-su-militancia-si-se-concreta-la-alianza-con-el-pan","status":"publish","type":"post","link":"https:\/\/www.interaccionnoticias.com.mx\/?p=7207","title":{"rendered":"Dirigente del PRD en Chilpancingo renunciara a su militancia si se concreta la alianza con el PAN"},"content":{"rendered":"<p>Las&nbsp;bases no est\u00e1n de acuerdo, asegura&nbsp;&nbsp;<br \/>\nEl presidente del Comit\u00e9 Ejecutivo Municipal (CEM) del Partido de la Revoluci\u00f3n Democr\u00e1tica (PRD) en Chilpancingo, &nbsp;Asunci\u00f3n Mart\u00ednez Ortiz,&nbsp; advirti\u00f3 que si su partido concreta una alianza con el Partido Acci\u00f3n Nacional (PAN), tambi\u00e9n renunciar\u00e1 a su militancia, como lo han hecho algunos de sus compa\u00f1eros.<br \/>\nEn entrevista, el dirigente municipal denunci\u00f3 que la decisi\u00f3n del Comit\u00e9 Ejecutivo Estatal (CEE) del PRD de&nbsp; construir alianzas pol\u00edticas con un partido de derecha para competir en el proceso electoral 2018 no fue consensada, y hay voces al interior del su partido que no est\u00e1n de acuerdo.<br \/>\nMart\u00ednez Ortiz rechaz\u00f3 la decisi\u00f3n de algunos perredistas, como el de la ex diputada federal, Rosario Merl\u00edn, de abandonar las filas de su instituci\u00f3n sin antes \u201cdar el debate\u201d con la finalidad de que sean escuchadas las voces que no est\u00e1n de acuerdo con la propuesta nacional del PRD de formar alianzas con partidos de derecha, a trav\u00e9s del Frente Amplio Democr\u00e1tico.<br \/>\n\u201cYo lo he expresado de manea muy respetuosa, que de no ser prudentes nuestros dirigentes, yo me cuento entre los que saldr\u00e1n. Creo que en 20 a\u00f1os me he construido en el pensamiento de izquierda, Guerrero ha sido basti\u00f3n de mucha confrontaci\u00f3n, de mucha sangre derramada de perredistas, que en su momento luchamos porque los gobiernos de derecha no hicieran de este pa\u00eds lo que han hecho; entonces, efectivamente, lo he expresado al interior del CEM: en el momento que se haga oficial el caminar con la derecha de este pa\u00eds, en ese momento yo planteo mi renuncia\u201d, expres\u00f3.<br \/>\nEl dirigente municipal se\u00f1al\u00f3 que&nbsp; hay voces al interior del CEE del PRD, como la de Yolanda Dom\u00ednguez la corriente Grupo Guerrero, Yenedith Barrientos Santiago, de Izquierda Democr\u00e1tica Nacional, e Ivett D\u00edaz Bahena, de CODUC, que expresaron su inconformidad de aliarse con el PAN, por lo que la decisi\u00f3n fue por mayor\u00eda simple.<br \/>\nDijo que la decisi\u00f3n \u201cautoritaria\u201d de la dirigencia estatal sobre crear alianzas con el PAN, puede llevar a una desbandada del PRD, por lo que hizo un llamado a todos los perredistas a que construyan una ruta al interior de su partido antes que renunciar, y a la dirigencia, de ser receptiva de las voces inconformes.<br \/>\n\u201cHemos convocado a una reflexi\u00f3n colectiva, espero que la decisi\u00f3n autoritaria, &nbsp;y sin tomar en cuenta las voces discordantes, &nbsp;origine a que suceda esto (una desbandada). Yo espero que no se d\u00e9, e invito a los perredistas que demos el debate de manera muy respetuosa al interior del partido, y de ah\u00ed construyamos ruta para sacar adelante a Guerrero, no estoy de acuerdo en irnos sin dar el debate\u201d, indic\u00f3.<br \/>\nMart\u00ednez Ortiz consider\u00f3 que \u201chay un agotamiento\u201d de los modelos y pr\u00e1cticas al interior del PRD, creado por grupos de poder \u201ccomo los fant\u00e1sticos\u201d quienes tomaron decisiones de manera personal, las cuales no ha ayudado en nada a su partido, y por el contrario, tuvieron consecuencias como perder la gubernatura del estado, en el proceso electoral de 2015.<br \/>\nSobre su posible renuncia al PRD, aclar\u00f3 que no ser\u00e1 para unirse a Morena, como lo han hecho otros perredistas, pues se declar\u00f3 \u201cleal\u201d a su partido; pero argument\u00f3 que no podr\u00e1 acompa\u00f1ar las acciones que la alianza PAN-PRD realicen en conjunto.<\/p>\n","protected":false},"excerpt":{"rendered":"<p>Las&nbsp;bases no est\u00e1n de acuerdo, asegura&nbsp;&nbsp; El presidente del Comit\u00e9 Ejecutivo Municipal (CEM) del Partido de la Revoluci\u00f3n Democr\u00e1tica (PRD) en Chilpancingo, &nbsp;Asunci\u00f3n Mart\u00ednez Ortiz,&nbsp; advirti\u00f3 que si su partido&hellip; <\/p>\n","protected":false},"author":1,"featured_media":0,"comment_status":"closed","ping_status":"closed","sticky":false,"template":"","format":"standard","meta":{"fifu_image_url":"","fifu_image_alt":"","footnotes":""},"categories":[8,18],"tags":[],"class_list":["post-7207","post","type-post","status-publish","format-standard","hentry","category-featured","category-partidos-politicos"],"_links":{"self":[{"href":"https:\/\/www.interaccionnoticias.com.mx\/index.php?rest_route=\/wp\/v2\/posts\/7207","targetHints":{"allow":["GET"]}}],"collection":[{"href":"https:\/\/www.interaccionnoticias.com.mx\/index.php?rest_route=\/wp\/v2\/posts"}],"about":[{"href":"https:\/\/www.interaccionnoticias.com.mx\/index.php?rest_route=\/wp\/v2\/types\/post"}],"author":[{"embeddable":true,"href":"https:\/\/www.interaccionnoticias.com.mx\/index.php?rest_route=\/wp\/v2\/users\/1"}],"replies":[{"embeddable":true,"href":"https:\/\/www.interaccionnoticias.com.mx\/index.php?rest_route=%2Fwp%2Fv2%2Fcomments&post=7207"}],"version-history":[{"count":0,"href":"https:\/\/www.interaccionnoticias.com.mx\/index.php?rest_route=\/wp\/v2\/posts\/7207\/revisions"}],"wp:attachment":[{"href":"https:\/\/www.interaccionnoticias.com.mx\/index.php?rest_route=%2Fwp%2Fv2%2Fmedia&parent=7207"}],"wp:term":[{"taxonomy":"category","embeddable":true,"href":"https:\/\/www.interaccionnoticias.com.mx\/index.php?rest_route=%2Fwp%2Fv2%2Fcategories&post=7207"},{"taxonomy":"post_tag","embeddable":true,"href":"https:\/\/www.interaccionnoticias.com.mx\/index.php?rest_route=%2Fwp%2Fv2%2Ftags&post=7207"}],"curies":[{"name":"wp","href":"https:\/\/api.w.org\/{rel}","templated":true}]}}