{"id":7195,"date":"2017-08-14T18:55:31","date_gmt":"2017-08-14T23:55:31","guid":{"rendered":"http:\/\/www.inter-accion.com.mx\/?p=7195"},"modified":"2017-08-14T18:55:31","modified_gmt":"2017-08-14T23:55:31","slug":"matan-a-un-hombre-en-la-costera-de-acapulco","status":"publish","type":"post","link":"https:\/\/www.interaccionnoticias.com.mx\/?p=7195","title":{"rendered":"Matan a un hombre en la Costera de Acapulco"},"content":{"rendered":"<p><strong>Acapulco, Gro.-<\/strong> Un hombre recibi\u00f3 dos tiros de arma de fuego y su cuerpo fue arrojado a una jardinera a unos 30 metros de la Costera Miguel Alem\u00e1n en el puerto de Acapulco.<br \/>\nEl hecho fue reportado esta ma\u00f1ana, por efectivos de la Polic\u00eda Tur\u00edstica de este destino de playa, luego de que acudieron a un llamado de auxilio.<br \/>\nLa v\u00edctima que recibi\u00f3 al menos dos disparos de arma de grueso calibre, qued\u00f3&nbsp; a unos metros de la principal avenida tur\u00edstica, atr\u00e1s del bar con razon social \u00abLa Hamaca\u00bb.<br \/>\nEs la tercera ocasi\u00f3n en que en menos de 40 d\u00edas aparece una persona privada de la vida.<br \/>\nAl lugar acudi\u00f3 personal del Servicio M\u00e9dico Forense (SEMEFO), y del Ministerio P\u00fablico para realizar las diligencias y ordenar el levantamiento cadav\u00e9rico.<\/p>\n","protected":false},"excerpt":{"rendered":"<p>Acapulco, Gro.- Un hombre recibi\u00f3 dos tiros de arma de fuego y su cuerpo fue arrojado a una jardinera a unos 30 metros de la Costera Miguel Alem\u00e1n en el&hellip; <\/p>\n","protected":false},"author":1,"featured_media":0,"comment_status":"closed","ping_status":"closed","sticky":false,"template":"","format":"standard","meta":{"fifu_image_url":"","fifu_image_alt":"","footnotes":""},"categories":[8,27],"tags":[],"class_list":["post-7195","post","type-post","status-publish","format-standard","hentry","category-featured","category-seguridad-publica"],"_links":{"self":[{"href":"https:\/\/www.interaccionnoticias.com.mx\/index.php?rest_route=\/wp\/v2\/posts\/7195","targetHints":{"allow":["GET"]}}],"collection":[{"href":"https:\/\/www.interaccionnoticias.com.mx\/index.php?rest_route=\/wp\/v2\/posts"}],"about":[{"href":"https:\/\/www.interaccionnoticias.com.mx\/index.php?rest_route=\/wp\/v2\/types\/post"}],"author":[{"embeddable":true,"href":"https:\/\/www.interaccionnoticias.com.mx\/index.php?rest_route=\/wp\/v2\/users\/1"}],"replies":[{"embeddable":true,"href":"https:\/\/www.interaccionnoticias.com.mx\/index.php?rest_route=%2Fwp%2Fv2%2Fcomments&post=7195"}],"version-history":[{"count":0,"href":"https:\/\/www.interaccionnoticias.com.mx\/index.php?rest_route=\/wp\/v2\/posts\/7195\/revisions"}],"wp:attachment":[{"href":"https:\/\/www.interaccionnoticias.com.mx\/index.php?rest_route=%2Fwp%2Fv2%2Fmedia&parent=7195"}],"wp:term":[{"taxonomy":"category","embeddable":true,"href":"https:\/\/www.interaccionnoticias.com.mx\/index.php?rest_route=%2Fwp%2Fv2%2Fcategories&post=7195"},{"taxonomy":"post_tag","embeddable":true,"href":"https:\/\/www.interaccionnoticias.com.mx\/index.php?rest_route=%2Fwp%2Fv2%2Ftags&post=7195"}],"curies":[{"name":"wp","href":"https:\/\/api.w.org\/{rel}","templated":true}]}}