{"id":7180,"date":"2017-08-13T20:32:07","date_gmt":"2017-08-14T01:32:07","guid":{"rendered":"http:\/\/www.inter-accion.com.mx\/?p=7180"},"modified":"2017-08-13T20:32:07","modified_gmt":"2017-08-14T01:32:07","slug":"padres-de-los-43-activaran-a-los-municipios-de-donde-son-originarios-los-normalistas-desaparecidos","status":"publish","type":"post","link":"https:\/\/www.interaccionnoticias.com.mx\/?p=7180","title":{"rendered":"Padres de los 43, activar\u00e1n a los municipios de donde son originarios los normalistas desaparecidos"},"content":{"rendered":"<p><strong>De cara al tercer aniversario de la noche de Iguala&nbsp;<\/strong><br \/>\nEn los pr\u00f3ximos d\u00edas, los padres de los 43 van a movilizar a los habitantes de por lo menos seis municipios, de donde son originarios los normalistas rurales desaparecidos durante la noche del 26 de septiembre de 2014, en Iguala de la Independencia.<br \/>\nFelipe de la Cruz, vocero del colectivo \u201cNos faltan 43\u201d, sostuvo que se est\u00e1 a poco tiempo de que se cumplan tres a\u00f1os de angustia, desesperaci\u00f3n y de una lucha incansable por parte de los padres de los estudiantes desaparecidos de la Normal Rural de Ayotzinapa.<br \/>\nIndic\u00f3 que se trata tambi\u00e9n de tres a\u00f1os en los que indiscutiblemente, el gobierno ha mostrado una tendencia muy clara para tratar de ocultar la verdad.<br \/>\nPor esa raz\u00f3n, dijo que padres agraviados y grupos sociales que se les han sumado en el trayecto, pretenden intensificar las acciones durante lo que resta de agosto, para llegar al 26 de septiembre con un reclamo renovado de justicia y verdad.<br \/>\nExplic\u00f3 que de aqu\u00ed al 26 de agosto, los padres y colectivos que los acompa\u00f1an, van a impulsar movilizaciones en los municipios de Tixtla, Tecoanapa, Ayutla de los Libres, San Luis Acatl\u00e1n, Ometepec y Atoyac de Alvarez, de donde eran originarios los 43 estudiantes desaparecidos.<br \/>\nLa intenci\u00f3n, es que a las protestas se sumen familiares, amigos, conocidos y todos aquellos que no est\u00e1n de acuerdo con las campa\u00f1as que recurrentemente se impulsan desde el gobierno federal para desacreditar la&nbsp;lucha de quienes reclaman la presentaci\u00f3n con vida.<br \/>\nDespu\u00e9s se alistar\u00e1 la reuni\u00f3n programada con la Procuradur\u00eda General de la Rep\u00fablica (PGR) para el 23 de septiembre, en la que esperan escuchar resultados importantes.<br \/>\nDe la informaci\u00f3n que aporte la PGR, depender\u00e1 en mucho la reacci\u00f3n que tendr\u00e1n los padres de familia y las organizaciones que les apoyan, lo que se reflejar\u00e1 en las acciones programadas para el 26.<\/p>\n","protected":false},"excerpt":{"rendered":"<p>De cara al tercer aniversario de la noche de Iguala&nbsp; En los pr\u00f3ximos d\u00edas, los padres de los 43 van a movilizar a los habitantes de por lo menos seis&hellip; <\/p>\n","protected":false},"author":1,"featured_media":0,"comment_status":"closed","ping_status":"closed","sticky":false,"template":"","format":"standard","meta":{"fifu_image_url":"","fifu_image_alt":"","footnotes":""},"categories":[8,15],"tags":[],"class_list":["post-7180","post","type-post","status-publish","format-standard","hentry","category-featured","category-movimientos-sociales"],"_links":{"self":[{"href":"https:\/\/www.interaccionnoticias.com.mx\/index.php?rest_route=\/wp\/v2\/posts\/7180","targetHints":{"allow":["GET"]}}],"collection":[{"href":"https:\/\/www.interaccionnoticias.com.mx\/index.php?rest_route=\/wp\/v2\/posts"}],"about":[{"href":"https:\/\/www.interaccionnoticias.com.mx\/index.php?rest_route=\/wp\/v2\/types\/post"}],"author":[{"embeddable":true,"href":"https:\/\/www.interaccionnoticias.com.mx\/index.php?rest_route=\/wp\/v2\/users\/1"}],"replies":[{"embeddable":true,"href":"https:\/\/www.interaccionnoticias.com.mx\/index.php?rest_route=%2Fwp%2Fv2%2Fcomments&post=7180"}],"version-history":[{"count":0,"href":"https:\/\/www.interaccionnoticias.com.mx\/index.php?rest_route=\/wp\/v2\/posts\/7180\/revisions"}],"wp:attachment":[{"href":"https:\/\/www.interaccionnoticias.com.mx\/index.php?rest_route=%2Fwp%2Fv2%2Fmedia&parent=7180"}],"wp:term":[{"taxonomy":"category","embeddable":true,"href":"https:\/\/www.interaccionnoticias.com.mx\/index.php?rest_route=%2Fwp%2Fv2%2Fcategories&post=7180"},{"taxonomy":"post_tag","embeddable":true,"href":"https:\/\/www.interaccionnoticias.com.mx\/index.php?rest_route=%2Fwp%2Fv2%2Ftags&post=7180"}],"curies":[{"name":"wp","href":"https:\/\/api.w.org\/{rel}","templated":true}]}}