{"id":7168,"date":"2017-08-13T19:57:36","date_gmt":"2017-08-14T00:57:36","guid":{"rendered":"http:\/\/www.inter-accion.com.mx\/?p=7168"},"modified":"2017-08-13T19:57:36","modified_gmt":"2017-08-14T00:57:36","slug":"conmemoran-23-anos-del-centro-de-derechos-humanos-de-la-montana-tlachinollan","status":"publish","type":"post","link":"https:\/\/www.interaccionnoticias.com.mx\/?p=7168","title":{"rendered":"Conmemoran 23 a\u00f1os del Centro de Derechos Humanos de la Monta\u00f1a, Tlachinollan"},"content":{"rendered":"<p><br \/>\n<strong>Guerrero; mar de luchas, monta\u00f1a de ilusiones &nbsp;<\/strong><br \/>\nCon una dedicatoria para los padres de los 43 estudiantes de la Normal Rural de Ayotzinapa, desaparecidos desde la noche del 26 de septiembre de 2014, el Centro de Derechos Humanos de la Monta\u00f1a (CDHM), Tlachinollan celebr\u00f3 sus 23 a\u00f1os de existencia.<br \/>\nEl evento tuvo lugar en la cabecera municipal de Tlapa de Comonfort, en donde el CDHM tiene su principal centro de operaciones, ah\u00ed el director del organismo, Abel Barrera Hern\u00e1ndez dedic\u00f3 parte importante de su intervenci\u00f3n a los padres de los 43 j\u00f3venes desaparecidos en la cabecera municipal de Iguala, desde la noche del 26 de septiembte de 2014.<br \/>\n\u201cUstedes viven en el alma de Tlachinollan. No somos, de ahora en adelante Tlachinollan sin la lucha de los 43 no somos sin ustedes, porque sus sue\u00f1os su deseos de justicia y su amor por sus hijos nos han atrapado dentro de su coraz\u00f3n, por eso, poder hablar de la historia de Tlachinollan&nbsp; en este ultimo trecho de la vida en el estado y en la monta\u00f1a la palabra pierde fuerza y pierde significado si no nombramos 43, si no decimos Ayotzinapa\u201d, se\u00f1ala la parte inicial de un discurso emitido la jornada del domingo por el antrop\u00f3logo Barrera Hern\u00e1ndez.<br \/>\nBarrera sostuvo que en estos momentos no hay maestros suficientes en las comunidades m\u00e1s apartadas de la Monta\u00f1a porque los desaparecen, los ejecutan en la autopista del sol o porque a partir de las campa\u00f1as de desprestigio, se hacen estragos en la pasi\u00f3n de querer ense\u00f1ar a la gente.<br \/>\nCon su ejemplo de lucha, el director del CDHM sostuvo que los padres de los 43, que so\u00f1aban con tener hijos maestros, se han convertido en los verdaderos mentores de una sociedad que los ha observado como reclaman la presentaci\u00f3n con vida de sus hijos sin dar nunca un paso atr\u00e1s,<br \/>\n\u201c Ustedes abrieron ese camino para que la asistencia jur\u00eddica internacional llegue a M\u00e9xico y sea una luz para poder iluminar esas sombras donde el gobierno ha inventado verdades solamente para decir que existe muerte, que existe silencio, que existe penumbra, que existe la nada, que domina el caos y que gobierna la delincuencia, no vamos a permitir, que gracias a ustedes &nbsp;en medio de su dolor no han permitido que sean las cenizas que sea el caos que sean los delincuentes en el poder los que determinen el paradero de sus hijos\u201d, asever\u00f3.<br \/>\nReconoci\u00f3 que fue a partir de la lucha de los padres de Ayotzinapa, que se levantaron colectivos en Chilapa, Iguala, Chilpancingo y Acapulco para reclamar la presentaci\u00f3n con vida de sus seres queridos desaparecidos, lo que tambi\u00e9n capt\u00f3 la atenci\u00f3n de organismos internacionales, que han puesto en duda los trabajos realizados por las autoridades del pa\u00eds. &nbsp;&nbsp;<br \/>\nEn el evento estuvieron representantes del magisterio disidente, del Frente de Tlapa, el Consejo de Ejidos y Comunidades Opositoras a la Parota (CECOP), el Consejo de Comunidades Damnificadas de la Monta\u00f1a, la Coordinadora Regional de Autoridades Comunitarias (CRAC) y una representaci\u00f3n de Amnist\u00eda Internacional.<br \/>\n&nbsp;&nbsp;&nbsp;<\/p>\n","protected":false},"excerpt":{"rendered":"<p>Guerrero; mar de luchas, monta\u00f1a de ilusiones &nbsp; Con una dedicatoria para los padres de los 43 estudiantes de la Normal Rural de Ayotzinapa, desaparecidos desde la noche del 26&hellip; <\/p>\n","protected":false},"author":1,"featured_media":0,"comment_status":"closed","ping_status":"closed","sticky":false,"template":"","format":"standard","meta":{"fifu_image_url":"","fifu_image_alt":"","footnotes":""},"categories":[8,15],"tags":[],"class_list":["post-7168","post","type-post","status-publish","format-standard","hentry","category-featured","category-movimientos-sociales"],"_links":{"self":[{"href":"https:\/\/www.interaccionnoticias.com.mx\/index.php?rest_route=\/wp\/v2\/posts\/7168","targetHints":{"allow":["GET"]}}],"collection":[{"href":"https:\/\/www.interaccionnoticias.com.mx\/index.php?rest_route=\/wp\/v2\/posts"}],"about":[{"href":"https:\/\/www.interaccionnoticias.com.mx\/index.php?rest_route=\/wp\/v2\/types\/post"}],"author":[{"embeddable":true,"href":"https:\/\/www.interaccionnoticias.com.mx\/index.php?rest_route=\/wp\/v2\/users\/1"}],"replies":[{"embeddable":true,"href":"https:\/\/www.interaccionnoticias.com.mx\/index.php?rest_route=%2Fwp%2Fv2%2Fcomments&post=7168"}],"version-history":[{"count":0,"href":"https:\/\/www.interaccionnoticias.com.mx\/index.php?rest_route=\/wp\/v2\/posts\/7168\/revisions"}],"wp:attachment":[{"href":"https:\/\/www.interaccionnoticias.com.mx\/index.php?rest_route=%2Fwp%2Fv2%2Fmedia&parent=7168"}],"wp:term":[{"taxonomy":"category","embeddable":true,"href":"https:\/\/www.interaccionnoticias.com.mx\/index.php?rest_route=%2Fwp%2Fv2%2Fcategories&post=7168"},{"taxonomy":"post_tag","embeddable":true,"href":"https:\/\/www.interaccionnoticias.com.mx\/index.php?rest_route=%2Fwp%2Fv2%2Ftags&post=7168"}],"curies":[{"name":"wp","href":"https:\/\/api.w.org\/{rel}","templated":true}]}}