{"id":7152,"date":"2017-08-12T16:03:22","date_gmt":"2017-08-12T21:03:22","guid":{"rendered":"http:\/\/www.inter-accion.com.mx\/?p=7152"},"modified":"2017-08-12T16:03:22","modified_gmt":"2017-08-12T21:03:22","slug":"vamos-a-una-batalla-decisiva-para-mexico-enrique-pena-nieto","status":"publish","type":"post","link":"https:\/\/www.interaccionnoticias.com.mx\/?p=7152","title":{"rendered":"Vamos a una batalla decisiva para M\u00e9xico: Enrique Pe\u00f1a Nieto"},"content":{"rendered":"<p>Bolet\u00edn de prensa<br \/>\nCiudad de M\u00e9xico, 12 de agosto de 2017<br \/>\n\u2022 El Presidente de la Rep\u00fablica, Enrique Pe\u00f1a Nieto, clausur\u00f3 hoy la XXII Asamblea Nacional Ordinaria del PRI, reconociendo la importancia del Partido como el \u201cgran actor de la historia de M\u00e9xico\u201d.<br \/>\n\u2022 Agradeci\u00f3 el acompa\u00f1amiento de todos los sectores y liderazgos priistas en la construcci\u00f3n e implementaci\u00f3n de su agenda de gobierno.<br \/>\n\u2022 Llam\u00f3 a defender los logros obtenidos y a salvaguardar el proyecto de pa\u00eds que estamos construyendo.<br \/>\n\u2022 Resalt\u00f3 la responsabilidad del PRI para defender las instituciones y consolidar la unidad y estabilidad de nuestro pa\u00eds.<br \/>\n\u2022 Destac\u00f3 el importante trabajo de los delegados en las cinco mesas tem\u00e1ticas que se instalaron, as\u00ed como la atinada conducci\u00f3n de quienes las presidieron.<br \/>\n\u2022 En unidad, el PRI es invencible y ganar\u00e1 las elecciones de 2018: Enrique Ochoa Reza<br \/>\nEl Presidente Enrique Pe\u00f1a Nieto encabez\u00f3 este s\u00e1bado la clausura de la XXII Asamblea Nacional Ordinaria del PRI. \u201cMe emociona encontrarme con las bases priistas, las mujeres y hombres que son el rostro, la voz y el alma del PRI\u201d, salud\u00f3 en su discurso a los militantes del Partido, reunidos en la sesi\u00f3n plenaria.<br \/>\nHizo un reconocimiento \u201ca cada uno de los sectores del partido\u201d por \u201cla firmeza con que defienden los intereses de sus afiliados y, al mismo tiempo, contribuyen al bienestar de nuestro pa\u00eds\u201d.<br \/>\nDe igual manera, destac\u00f3 el papel de las mujeres priistas, \u201cpor su entrega, por su liderazgo y la determinaci\u00f3n que distingue su acci\u00f3n pol\u00edtica\u201d; y agradeci\u00f3 a los j\u00f3venes por \u201csu energ\u00eda, su recibimiento\u201d, celebrando adem\u00e1s la \u201cgrata coincidencia\u201d de la clausura de la Asamblea con el D\u00eda Internacional de la Juventud.<br \/>\n\u201cA todos ustedes, las fuerzas vivas del PRI, les reconozco su labor y me reconozco en su quehacer\u201d, a\u00f1adi\u00f3.<br \/>\nNO ES EL APEGO A DOGMAS O DOCTRINAS LO QUE DEFINE A UN VERDADERO REVOLUCIONARIO, SINO LA CAPACIDAD DE INNOVAR Y TRANSFORMAR LA REALIDAD<br \/>\nEl Titular del Ejecutivo Federal destac\u00f3 la responsabilidad que enfrenta su Partido en la actual coyuntura, e hizo un llamado a \u201cdefender las instituciones y a consolidar la unidad y estabilidad de nuestro pa\u00eds\u201d.<br \/>\nDe cara al 2018, resumi\u00f3 que \u201cel PRI se presentar\u00e1 a la elecci\u00f3n despu\u00e9s de haber impulsado con \u00e9xito la transformaci\u00f3n del pa\u00eds\u201d, asumiendo, sin embargo \u201clos costos naturales de habernos atrevido a cambiar y mejorar las cosas\u201d.<br \/>\nEso es lo que \u201cnos da autoridad moral para salir nuevamente a reafirmar la confianza ciudadana\u201d.<br \/>\nY en este sentido, invit\u00f3 a defender los logros obtenidos, pues \u201ccomo soldados de la patria, los priistas debemos salvaguardar el proyecto de pa\u00eds\u201d.<br \/>\nEl Presidente Pe\u00f1a Nieto lanz\u00f3 el desaf\u00edo de que el Partido Revolucionario Institucional est\u00e1 yendo hacia \u201cuna batalla decisiva para M\u00e9xico\u201d, con la meta de \u201cun futuro que asegure bienestar y<br \/>\noportunidades para todas y todos\u201d y la seguridad de que \u201cM\u00e9xico gana cuando gana el PRI\u201d.<br \/>\nDE PENSAR HACIA ADELANTE SE HA TRATADO ESTA XXII ASAMBLEA ABIERTA, PLURAL Y AUTOCR\u00cdTICA<br \/>\nEl Presidente se refiri\u00f3 al importante trabajo realizado por los delegados en las cinco mesas tem\u00e1ticas que se instalaron del 9 al 10 de agosto: 1) Estatutos, 2) Declaraci\u00f3n de Principios, 3) Programa de Acci\u00f3n, 4) Rendici\u00f3n de Cuentas y \u00c9tica, y 5) Visi\u00f3n de Futuro.<br \/>\nCon los trabajos realizados esta semana, \u201cel PRI ha renovado su vocaci\u00f3n popular y su voluntad de seguir siendo protagonista de la transformaci\u00f3n de M\u00e9xico\u201d, resumi\u00f3 el Mandatario.<br \/>\n\u201cCada sector \u2013obrero, campesino y popular\u2013 y cada segmento de nuestra poblaci\u00f3n \u2013j\u00f3venes, mujeres, adultos mayores\u2013 deber\u00e1 beneficiarse de la nueva agenda pol\u00edtica que el PRI habr\u00e1 de adoptar con base en este Programa\u201d.<br \/>\nEn todas las mesas de la Asamblea, se discuti\u00f3 \u201cuno de los mayores retos que enfrentamos, la corrupci\u00f3n, y su manifestaci\u00f3n m\u00e1s indignante, la impunidad\u201d, asever\u00f3.<br \/>\nLOS PRIISTAS SOMOS FACTORES DE CAMBIO POSITIVO, DE PROSPERIDAD Y DE PROGRESO PARA LA NACI\u00d3N<br \/>\nRecord\u00f3 que \u201cen marzo de 2013, en otra trascendental Asamblea Nacional del PRI, los priistas decidimos ver hacia adelante. Nos comprometimos con las grandes transformaciones que requer\u00eda el pa\u00eds. En aquel encuentro, mandamos una se\u00f1al muy poderosa de que el PRI no hab\u00eda regresado a la Presidencia s\u00f3lo para administrar, sino para transformar\u201d.<br \/>\nPocas organizaciones pol\u00edticas en el mundo han desempe\u00f1ado, dijo, un papel tan importante en la construcci\u00f3n de instituciones en su pa\u00eds, como lo ha tenido el PRI en M\u00e9xico. \u201cPor eso, estoy convencido de que el PRI seguir\u00e1 siendo el gran actor de la historia de M\u00e9xico.\u201d<br \/>\nAl hablar de las transformaciones que el Gobierno Federal ha emprendido, el Presidente Pe\u00f1a Nieto afirm\u00f3 que, hoy en d\u00eda, M\u00e9xico es muy distinto al de hace cinco a\u00f1os, pues \u201chemos realizado los cambios m\u00e1s profundos que el pa\u00eds haya logrado en d\u00e9cadas\u201d.<br \/>\nEn lo que va de la Administraci\u00f3n, se ha trabajado arduamente en favor de la seguridad median<\/p>\n","protected":false},"excerpt":{"rendered":"<p>Bolet\u00edn de prensa Ciudad de M\u00e9xico, 12 de agosto de 2017 \u2022 El Presidente de la Rep\u00fablica, Enrique Pe\u00f1a Nieto, clausur\u00f3 hoy la XXII Asamblea Nacional Ordinaria del PRI, reconociendo&hellip; <\/p>\n","protected":false},"author":1,"featured_media":0,"comment_status":"closed","ping_status":"closed","sticky":false,"template":"","format":"standard","meta":{"fifu_image_url":"","fifu_image_alt":"","footnotes":""},"categories":[8,18],"tags":[],"class_list":["post-7152","post","type-post","status-publish","format-standard","hentry","category-featured","category-partidos-politicos"],"_links":{"self":[{"href":"https:\/\/www.interaccionnoticias.com.mx\/index.php?rest_route=\/wp\/v2\/posts\/7152","targetHints":{"allow":["GET"]}}],"collection":[{"href":"https:\/\/www.interaccionnoticias.com.mx\/index.php?rest_route=\/wp\/v2\/posts"}],"about":[{"href":"https:\/\/www.interaccionnoticias.com.mx\/index.php?rest_route=\/wp\/v2\/types\/post"}],"author":[{"embeddable":true,"href":"https:\/\/www.interaccionnoticias.com.mx\/index.php?rest_route=\/wp\/v2\/users\/1"}],"replies":[{"embeddable":true,"href":"https:\/\/www.interaccionnoticias.com.mx\/index.php?rest_route=%2Fwp%2Fv2%2Fcomments&post=7152"}],"version-history":[{"count":0,"href":"https:\/\/www.interaccionnoticias.com.mx\/index.php?rest_route=\/wp\/v2\/posts\/7152\/revisions"}],"wp:attachment":[{"href":"https:\/\/www.interaccionnoticias.com.mx\/index.php?rest_route=%2Fwp%2Fv2%2Fmedia&parent=7152"}],"wp:term":[{"taxonomy":"category","embeddable":true,"href":"https:\/\/www.interaccionnoticias.com.mx\/index.php?rest_route=%2Fwp%2Fv2%2Fcategories&post=7152"},{"taxonomy":"post_tag","embeddable":true,"href":"https:\/\/www.interaccionnoticias.com.mx\/index.php?rest_route=%2Fwp%2Fv2%2Ftags&post=7152"}],"curies":[{"name":"wp","href":"https:\/\/api.w.org\/{rel}","templated":true}]}}