{"id":71502,"date":"2023-11-29T19:05:00","date_gmt":"2023-11-30T01:05:00","guid":{"rendered":"https:\/\/interaccionnoticias.com.mx\/?p=71502"},"modified":"2023-11-29T19:05:04","modified_gmt":"2023-11-30T01:05:04","slug":"voy-a-quedar-con-una-bala-dentro-de-mi-cuerpo-senala-jesus-de-la-cruz-reportero-baleado-en-chilpancingo","status":"publish","type":"post","link":"https:\/\/www.interaccionnoticias.com.mx\/?p=71502","title":{"rendered":"\u201cVoy a quedar con una bala dentro de mi cuerpo\u201d, se\u00f1ala Jes\u00fas de la Cruz, reportero baleado en Chilpancingo"},"content":{"rendered":"\n<p><strong><em>&#8212; De 23 a\u00f1os, el comunicador fue dado de alta el mi\u00e9rcoles y ya se encuentra estable<\/em><\/strong><\/p>\n\n\n\n<p><strong>Jes\u00fas Dorantes<\/strong><\/p>\n\n\n\n<p><strong>Chilpancingo, Gro.-<\/strong> \u201cVoy a vivir con una bala dentro de mi cuerpo\u201d, dijo a trav\u00e9s de un tel\u00e9fono celular Jes\u00fas de la Cruz, reportero de 23 a\u00f1os de edad, baleado junto con tres compa\u00f1eros en una colonia de la capital del estado.<\/p>\n\n\n\n<p>Jes\u00fas tiene menos de un a\u00f1o que comenz\u00f3 a reportear para la plataforma \u201cReporte Guerrero\u201d, antes Objetivo Diario, es su primer contacto con los medios de comunicaci\u00f3n y la jornada del martes confirm\u00f3 en carne propia lo que muchos organismos no gubernamentales sostienen desde hace varios a\u00f1os, que M\u00e9xico es uno de los pa\u00edses m\u00e1s peligrosos para ejercer el periodismo.<\/p>\n\n\n\n<p>De la Cruz fue dado de alta la ma\u00f1ana del mi\u00e9rcoles, a 24 horas de que fuera atacado a balazos junto con su compa\u00f1ero V\u00edctor Mateo Francisco, a quien se le tiene que someter a cirug\u00eda para normalizar completamente su condici\u00f3n de salud.<\/p>\n\n\n\n<p>Con ellos iban otros dos comunicadores, Oscar Guerrero, quien solamente recibi\u00f3 iun roz\u00f3n y H\u00e9ctor Camacho L\u00f3pez, este \u00faltimo result\u00f3 completamente ileso,<\/p>\n\n\n\n<p>Durante una protesta realizada este mi\u00e9rcoles, trabajadores de diferentes medios de comunicaci\u00f3n de Chilpancingo llegaron a la puerta principal del Palacio de Gobierno, donde se realiz\u00f3 el mitin principal.<\/p>\n\n\n\n<p>Jes\u00fas fue contactado v\u00eda telef\u00f3nica, \u00e9l no se neg\u00f3 a tomar la llamada y hablar, a pesar de que el proyectil que lo alcanz\u00f3 la jornada del martes se aloj\u00f3 en su cuello, afortunadamente sin tocar \u00f3rganos vitales.<\/p>\n\n\n\n<p>Su voz se reprodujo a trav\u00e9s de un aparato de sonido, \u00e9l agradeci\u00f3 el respaldo del gremio, por la forma en que han estado pendientes de la situaci\u00f3n que enfrenta.<\/p>\n\n\n\n<p>\u201cPor ahora me encuentro ya fuera de peligro, gracias a Dios\u201d, dijo el joven comunicador.<\/p>\n\n\n\n<p>Confirm\u00f3 que se encuentra fuera de peligro, pero lament\u00f3 que los m\u00e9dicos que lo atendieron no pudieron sacar la ojiva que lo alcanz\u00f3,<\/p>\n\n\n\n<p>\u201cTristemente no pudieron retirar la bala de mi cuerpo, voy a quedar con la bala dentro de \u00e9l, pero dentro de lo que cabe ya estoy estable\u201d, indic\u00f3.<\/p>\n\n\n\n<p>Se sum\u00f3 a la exigencia dirigida hacia las autoridades estatales y federales para que existan las garant\u00edas de ejercer el trabajo como comunicadores.<\/p>\n\n\n\n<p>\u201cDebo decirles que tambi\u00e9n yo me sumo a esta manifestaci\u00f3n y esta exigencia de apoyo para que nos brinden seguridad a nosotros como reporteros, porque trabajamos el d\u00eda a d\u00eda para informar a la ciudadan\u00eda los hechos que ocurren en este estado de Guerrero y en esta ciudad capital\u201d, ant\u00f3.<\/p>\n\n\n\n<p>A 24 horas de la agresi\u00f3n armada, solo V\u00edctor Mateo se encuentra hospitalizado en espera de recibir una intervenci\u00f3n quir\u00fargica en el rostro.<\/p>\n","protected":false},"excerpt":{"rendered":"<p>&#8212; De 23 a\u00f1os, el comunicador fue dado de alta el mi\u00e9rcoles y ya se encuentra estable Jes\u00fas Dorantes Chilpancingo, Gro.- \u201cVoy a vivir con una bala dentro de mi&hellip; <\/p>\n","protected":false},"author":8,"featured_media":71504,"comment_status":"open","ping_status":"open","sticky":false,"template":"","format":"standard","meta":{"fifu_image_url":"","fifu_image_alt":"","footnotes":""},"categories":[29],"tags":[],"class_list":["post-71502","post","type-post","status-publish","format-standard","has-post-thumbnail","hentry","category-sociedad"],"_links":{"self":[{"href":"https:\/\/www.interaccionnoticias.com.mx\/index.php?rest_route=\/wp\/v2\/posts\/71502","targetHints":{"allow":["GET"]}}],"collection":[{"href":"https:\/\/www.interaccionnoticias.com.mx\/index.php?rest_route=\/wp\/v2\/posts"}],"about":[{"href":"https:\/\/www.interaccionnoticias.com.mx\/index.php?rest_route=\/wp\/v2\/types\/post"}],"author":[{"embeddable":true,"href":"https:\/\/www.interaccionnoticias.com.mx\/index.php?rest_route=\/wp\/v2\/users\/8"}],"replies":[{"embeddable":true,"href":"https:\/\/www.interaccionnoticias.com.mx\/index.php?rest_route=%2Fwp%2Fv2%2Fcomments&post=71502"}],"version-history":[{"count":1,"href":"https:\/\/www.interaccionnoticias.com.mx\/index.php?rest_route=\/wp\/v2\/posts\/71502\/revisions"}],"predecessor-version":[{"id":71505,"href":"https:\/\/www.interaccionnoticias.com.mx\/index.php?rest_route=\/wp\/v2\/posts\/71502\/revisions\/71505"}],"wp:featuredmedia":[{"embeddable":true,"href":"https:\/\/www.interaccionnoticias.com.mx\/index.php?rest_route=\/wp\/v2\/media\/71504"}],"wp:attachment":[{"href":"https:\/\/www.interaccionnoticias.com.mx\/index.php?rest_route=%2Fwp%2Fv2%2Fmedia&parent=71502"}],"wp:term":[{"taxonomy":"category","embeddable":true,"href":"https:\/\/www.interaccionnoticias.com.mx\/index.php?rest_route=%2Fwp%2Fv2%2Fcategories&post=71502"},{"taxonomy":"post_tag","embeddable":true,"href":"https:\/\/www.interaccionnoticias.com.mx\/index.php?rest_route=%2Fwp%2Fv2%2Ftags&post=71502"}],"curies":[{"name":"wp","href":"https:\/\/api.w.org\/{rel}","templated":true}]}}