{"id":71499,"date":"2023-11-29T17:45:25","date_gmt":"2023-11-29T23:45:25","guid":{"rendered":"https:\/\/interaccionnoticias.com.mx\/?p=71499"},"modified":"2023-11-29T17:45:27","modified_gmt":"2023-11-29T23:45:27","slug":"el-centro-de-derechos-humanos-de-las-victimas-de-violencia-exigio-justica-por-el-ataque-en-contra-de-periodistas","status":"publish","type":"post","link":"https:\/\/www.interaccionnoticias.com.mx\/?p=71499","title":{"rendered":"El Centro de Derechos Humanos de las V\u00edctimas de Violencia exigi\u00f3 justica por el ataque en contra de periodistas"},"content":{"rendered":"\n<p><strong>&#8212; Lament\u00f3 que el estado no detenga a los responsables<\/strong><\/p>\n\n\n\n<p><strong>Yasm\u00edn Garc\u00eda<\/strong><\/p>\n\n\n\n<p>El director general del Centro de Derechos de las V\u00edctimas de Violencia, Jos\u00e9 Filiberto Vel\u00e1zquez, exigi\u00f3 justicia por el ataque armado en contra de cuatro periodistas el d\u00eda de ayer.<\/p>\n\n\n\n<p>Durante su discurso en la protesta de periodistas en Chilpancingo, asegur\u00f3 que el gremio period\u00edstico ha sido el m\u00e1s fuerte informando una verdad que no se quiere escuchar, haciendo alusi\u00f3n a los diferentes acontecimientos en la entidad.<\/p>\n\n\n\n<p>\u00abEl gobierno no quiere escuchar esa verdad, mandan a sus sicarios los poderes facticos para atacar a estas voces que son la expresi\u00f3n del pueblo estas voces que son la expresi\u00f3n, el dolor y la exigencia de justicia\u00bb.<\/p>\n\n\n\n<p>Recrimin\u00f3 al estado no detener a los responsables de este ataque que dej\u00f3 heridos a tres periodistas, \u00absi yo se su nombre no se porque el estado no hace nada, este Estado sigue teniendo o\u00eddos sordos\u00bb.<\/p>\n\n\n\n<p>El tambi\u00e9n defensor de los derechos humanos, lament\u00f3 que en Guerrero no se puedan ejercer los m\u00ednimos derechos como la libertad de expresi\u00f3n.<\/p>\n","protected":false},"excerpt":{"rendered":"<p>&#8212; Lament\u00f3 que el estado no detenga a los responsables Yasm\u00edn Garc\u00eda El director general del Centro de Derechos de las V\u00edctimas de Violencia, Jos\u00e9 Filiberto Vel\u00e1zquez, exigi\u00f3 justicia por&hellip; <\/p>\n","protected":false},"author":32,"featured_media":71500,"comment_status":"open","ping_status":"open","sticky":false,"template":"","format":"standard","meta":{"fifu_image_url":"","fifu_image_alt":"","footnotes":""},"categories":[15],"tags":[],"class_list":["post-71499","post","type-post","status-publish","format-standard","has-post-thumbnail","hentry","category-movimientos-sociales"],"_links":{"self":[{"href":"https:\/\/www.interaccionnoticias.com.mx\/index.php?rest_route=\/wp\/v2\/posts\/71499","targetHints":{"allow":["GET"]}}],"collection":[{"href":"https:\/\/www.interaccionnoticias.com.mx\/index.php?rest_route=\/wp\/v2\/posts"}],"about":[{"href":"https:\/\/www.interaccionnoticias.com.mx\/index.php?rest_route=\/wp\/v2\/types\/post"}],"author":[{"embeddable":true,"href":"https:\/\/www.interaccionnoticias.com.mx\/index.php?rest_route=\/wp\/v2\/users\/32"}],"replies":[{"embeddable":true,"href":"https:\/\/www.interaccionnoticias.com.mx\/index.php?rest_route=%2Fwp%2Fv2%2Fcomments&post=71499"}],"version-history":[{"count":1,"href":"https:\/\/www.interaccionnoticias.com.mx\/index.php?rest_route=\/wp\/v2\/posts\/71499\/revisions"}],"predecessor-version":[{"id":71501,"href":"https:\/\/www.interaccionnoticias.com.mx\/index.php?rest_route=\/wp\/v2\/posts\/71499\/revisions\/71501"}],"wp:featuredmedia":[{"embeddable":true,"href":"https:\/\/www.interaccionnoticias.com.mx\/index.php?rest_route=\/wp\/v2\/media\/71500"}],"wp:attachment":[{"href":"https:\/\/www.interaccionnoticias.com.mx\/index.php?rest_route=%2Fwp%2Fv2%2Fmedia&parent=71499"}],"wp:term":[{"taxonomy":"category","embeddable":true,"href":"https:\/\/www.interaccionnoticias.com.mx\/index.php?rest_route=%2Fwp%2Fv2%2Fcategories&post=71499"},{"taxonomy":"post_tag","embeddable":true,"href":"https:\/\/www.interaccionnoticias.com.mx\/index.php?rest_route=%2Fwp%2Fv2%2Ftags&post=71499"}],"curies":[{"name":"wp","href":"https:\/\/api.w.org\/{rel}","templated":true}]}}