{"id":7141,"date":"2017-08-11T19:14:58","date_gmt":"2017-08-12T00:14:58","guid":{"rendered":"http:\/\/www.inter-accion.com.mx\/?p=7141"},"modified":"2017-08-11T19:14:58","modified_gmt":"2017-08-12T00:14:58","slug":"la-poesia-ante-la-violencia-consigna-de-el-avispero","status":"publish","type":"post","link":"https:\/\/www.interaccionnoticias.com.mx\/?p=7141","title":{"rendered":"La poes\u00eda ante la violencia, consigna de \u201cEl Avispero\u201d"},"content":{"rendered":"<p><strong>Que comenz\u00f3 la ma\u00f1ana del viernes, en Chilpancingo<\/strong><br \/>\nCon la consigna de promover la poes\u00eda para revertir la tendencia negativa generada por el crimen organizado, este viernes comenz\u00f3 la segunda edici\u00f3n del festival conocido&nbsp;&nbsp;como \u201cEl Avispero\u201d, en el que participan ponentes de Argentina, Colombia, Brasil, Espa\u00f1a y de diferentes entidades federativas.<br \/>\nEl acto de apertura se desarroll\u00f3 en el antiguo Palacio Municipal de Chilpancingo, hoy Palacio de la Cultura, en donde se declar\u00f3 iniciada la serie de actividades que se van a desarrollar durante los d\u00edas 11, 12 y 13 de agosto.<br \/>\nFernando Denis, creador de nacionalidad colombiana, record\u00f3 que cuando Medell\u00edn enfrent\u00f3 momentos similares a los de Guerrero y M\u00e9xico, se cre\u00f3 un festival de poes\u00eda que al paso de los a\u00f1os se ha convertido en uno de los eventos mas importantes del mundo.<br \/>\n\u201cLa poes\u00eda siempre ha sido un b\u00e1lsamo que usamos para sanar esas heridas, creo que nosotros los poetas podemos crear esa transformaci\u00f3n social\u201d, anot\u00f3.<br \/>\nConsider\u00f3 que Chilpancingo es una ciudad sumamente acogedora, un lugar desde el que se puede promover una actividad&nbsp;&nbsp;que es inherente al ser humano.<br \/>\nInsisti\u00f3: \u201cLa poes\u00eda es el remedio irrefutable que tiene cualquier pa\u00eds del mundo, porque detr\u00e1s de la palabra est\u00e1 todo, lo que est\u00e1 detr\u00e1s de un poema lo puede curar todo\u201d.<br \/>\nMauricio Leyva, secretario de la Cultura en Guerrero, sostuvo que el festival de poes\u00eda \u201cAvispero\u201d inicia con una expectativa muy buena, pues la difusi\u00f3n previa permiti\u00f3 captar la atenci\u00f3n de la poblaci\u00f3n.<br \/>\nComent\u00f3 que para el pr\u00f3ximo a\u00f1o se tendr\u00e1 una tercera emisi\u00f3n de \u201cEl Avispero\u201d, por lo que habr\u00e1 condiciones para emitir un decreto que institucionalice dicho festival.<br \/>\nPedro Serrano Carreto, poeta participante, invit\u00f3 a la poblaci\u00f3n a darse la oportunidad de acercarse con curiosidad al Palacio de la Cultura para conocer que es lo que pasa detr\u00e1s de un poema.<br \/>\n\u201cCuando alguien no conoce la poes\u00eda, pero se acerca a un espacio como este y comprende un poema, es como si se iluminara y entonces&nbsp;&nbsp;cambia su forma de apreciar las cosas\u201d, asegur\u00f3.<br \/>\nPara \u00e9l, sin las expresiones art\u00edsticas el ser humano vive de una manea visceral, de tal suerte que la \u00fanica forma en que se puede salir de la miseria actual es buscar el cobijo y el respaldo que hay en los poemas.<br \/>\nPara los promotores del festival, Avispero es un espacio que tendr\u00e1 la capacidad para cambiar de forma importante la percepci\u00f3n de quienes se animen a participar.<br \/>\n&nbsp;<\/p>\n","protected":false},"excerpt":{"rendered":"<p>Que comenz\u00f3 la ma\u00f1ana del viernes, en Chilpancingo Con la consigna de promover la poes\u00eda para revertir la tendencia negativa generada por el crimen organizado, este viernes comenz\u00f3 la segunda&hellip; <\/p>\n","protected":false},"author":1,"featured_media":0,"comment_status":"closed","ping_status":"closed","sticky":false,"template":"","format":"standard","meta":{"fifu_image_url":"","fifu_image_alt":"","footnotes":""},"categories":[13,8],"tags":[],"class_list":["post-7141","post","type-post","status-publish","format-standard","hentry","category-capital","category-featured"],"_links":{"self":[{"href":"https:\/\/www.interaccionnoticias.com.mx\/index.php?rest_route=\/wp\/v2\/posts\/7141","targetHints":{"allow":["GET"]}}],"collection":[{"href":"https:\/\/www.interaccionnoticias.com.mx\/index.php?rest_route=\/wp\/v2\/posts"}],"about":[{"href":"https:\/\/www.interaccionnoticias.com.mx\/index.php?rest_route=\/wp\/v2\/types\/post"}],"author":[{"embeddable":true,"href":"https:\/\/www.interaccionnoticias.com.mx\/index.php?rest_route=\/wp\/v2\/users\/1"}],"replies":[{"embeddable":true,"href":"https:\/\/www.interaccionnoticias.com.mx\/index.php?rest_route=%2Fwp%2Fv2%2Fcomments&post=7141"}],"version-history":[{"count":0,"href":"https:\/\/www.interaccionnoticias.com.mx\/index.php?rest_route=\/wp\/v2\/posts\/7141\/revisions"}],"wp:attachment":[{"href":"https:\/\/www.interaccionnoticias.com.mx\/index.php?rest_route=%2Fwp%2Fv2%2Fmedia&parent=7141"}],"wp:term":[{"taxonomy":"category","embeddable":true,"href":"https:\/\/www.interaccionnoticias.com.mx\/index.php?rest_route=%2Fwp%2Fv2%2Fcategories&post=7141"},{"taxonomy":"post_tag","embeddable":true,"href":"https:\/\/www.interaccionnoticias.com.mx\/index.php?rest_route=%2Fwp%2Fv2%2Ftags&post=7141"}],"curies":[{"name":"wp","href":"https:\/\/api.w.org\/{rel}","templated":true}]}}