{"id":7138,"date":"2017-08-11T19:02:57","date_gmt":"2017-08-12T00:02:57","guid":{"rendered":"http:\/\/www.inter-accion.com.mx\/?p=7138"},"modified":"2017-08-11T19:02:57","modified_gmt":"2017-08-12T00:02:57","slug":"molesta-a-lider-del-prd-oposicion-de-dirigente-en-chilpancingo-sobre-alianza-con-el-pan","status":"publish","type":"post","link":"https:\/\/www.interaccionnoticias.com.mx\/?p=7138","title":{"rendered":"Molesta a l\u00edder del PRD oposici\u00f3n de dirigente en Chilpancingo sobre alianza con el PAN"},"content":{"rendered":"<p>El dirigente del Partido de la Revoluci\u00f3n Democr\u00e1tica (PRD) en Chilpancingo, Asunci\u00f3n Mart\u00ednez Ort\u00edz, llam\u00f3 a los militantes de su partido, organizaciones sociales y civiles, a manifestarse en contra de la alianza que ese instituto perfila con el Partido Acci\u00f3n Nacional (PAN) para competir en el proceso electoral 2018, pero fue criticado por el dirigente estatal del sol azteca, Celestino Ces\u00e1reo Guzm\u00e1n.<br \/>\nHace unos d\u00edas, en su cuenta de la red social Facebook, Mart\u00ednez Ortiz fij\u00f3 postura sobre la alianza que el PAN y el PRD est\u00e1n construyendo a nivel nacional y en estados como Guerrero, a trav\u00e9s del Frente Amplio Democr\u00e1tico, la cual dijo, solo busca recuperar el poder que ha mantenido una \u00e9lite de beneficios en el pa\u00eds.<br \/>\n\u201cEl PAN no representa en nada los sentimientos de nuestro estado, y por el contrario, representa m\u00e1s de lo mismo, y ayudar al PAN, a la derecha de este pa\u00eds, es como premiar al PRI, al partido que tanto da\u00f1o le ha hecho al pueblo de M\u00e9xico (\u2026) , el perredismo declara no sentirse identificado con los l\u00edderes del partido en M\u00e9xico, y menos con una alianza que a todas luces solo busca recuperar el poder que ha mantenido a una \u00e9lite de beneficios de este pa\u00eds\u201d, critic\u00f3.<br \/>\nSe\u00f1al\u00f3 que la democracia y la voluntad de la sociedad no es una mercanc\u00eda que se puede vender y comprar, y critic\u00f3 que al interior del PRD se crearon grupos de poder, quienes buscan repartirse cuotas de poder, lo cual lastima a su instituto pol\u00edtico.<br \/>\n\u00abSomos una expresi\u00f3n pol\u00edtica que ha demostrado su definici\u00f3n de izquierda, y determinada de estar al lado de los m\u00e1s desprotegidos. Nuestra lucha social siempre la hemos dado al pueblo de M\u00e9xico, nuestros fundadores dieron en su declaraci\u00f3n de principios los matices, y marcaron las diferencias con respecto a otro partido de centro o derecha\u00bb, indic\u00f3.<br \/>\nLa postura del dirigente municipal fue criticada por el presidente del Comit\u00e9 Ejecutivo Estatal (CEE) del PRD, Celestino Ces\u00e1reo Guzm\u00e1n, quien en las \u00faltimas semanas ha sostenido reuniones con l\u00edderes del PAN a fin de definir los municipios y distritos en los que har\u00e1n alianza para las elecciones de 2018.<br \/>\nCes\u00e1reo Guzm\u00e1n cuestion\u00f3 la postura de su compa\u00f1ero de partido, y lo inst\u00f3 a que definiera si apoya o no el Frente Amplio Democr\u00e1tico, que impulsa el PRD a nivel nacional.<br \/>\n\u00ab\u00bfEst\u00e1s a favor de una eventual e hipot\u00e9tica candidatura com\u00fan con el PAN para el municipio de Taxco, o no? El llamado a revelarse hacia d\u00f3nde? Para que? O contra quien? Sin duda son tiempos de definiciones: no de buenos o malos; solo definiciones; no de santos o diablos; solo definiciones&#8230;amigo\u00bb (sic), escribi\u00f3 de manera textual Celestino Ces\u00e1reo.<\/p>\n","protected":false},"excerpt":{"rendered":"<p>El dirigente del Partido de la Revoluci\u00f3n Democr\u00e1tica (PRD) en Chilpancingo, Asunci\u00f3n Mart\u00ednez Ort\u00edz, llam\u00f3 a los militantes de su partido, organizaciones sociales y civiles, a manifestarse en contra de&hellip; <\/p>\n","protected":false},"author":1,"featured_media":0,"comment_status":"closed","ping_status":"closed","sticky":false,"template":"","format":"standard","meta":{"fifu_image_url":"","fifu_image_alt":"","footnotes":""},"categories":[8,18],"tags":[],"class_list":["post-7138","post","type-post","status-publish","format-standard","hentry","category-featured","category-partidos-politicos"],"_links":{"self":[{"href":"https:\/\/www.interaccionnoticias.com.mx\/index.php?rest_route=\/wp\/v2\/posts\/7138","targetHints":{"allow":["GET"]}}],"collection":[{"href":"https:\/\/www.interaccionnoticias.com.mx\/index.php?rest_route=\/wp\/v2\/posts"}],"about":[{"href":"https:\/\/www.interaccionnoticias.com.mx\/index.php?rest_route=\/wp\/v2\/types\/post"}],"author":[{"embeddable":true,"href":"https:\/\/www.interaccionnoticias.com.mx\/index.php?rest_route=\/wp\/v2\/users\/1"}],"replies":[{"embeddable":true,"href":"https:\/\/www.interaccionnoticias.com.mx\/index.php?rest_route=%2Fwp%2Fv2%2Fcomments&post=7138"}],"version-history":[{"count":0,"href":"https:\/\/www.interaccionnoticias.com.mx\/index.php?rest_route=\/wp\/v2\/posts\/7138\/revisions"}],"wp:attachment":[{"href":"https:\/\/www.interaccionnoticias.com.mx\/index.php?rest_route=%2Fwp%2Fv2%2Fmedia&parent=7138"}],"wp:term":[{"taxonomy":"category","embeddable":true,"href":"https:\/\/www.interaccionnoticias.com.mx\/index.php?rest_route=%2Fwp%2Fv2%2Fcategories&post=7138"},{"taxonomy":"post_tag","embeddable":true,"href":"https:\/\/www.interaccionnoticias.com.mx\/index.php?rest_route=%2Fwp%2Fv2%2Ftags&post=7138"}],"curies":[{"name":"wp","href":"https:\/\/api.w.org\/{rel}","templated":true}]}}