{"id":7132,"date":"2017-08-11T18:35:45","date_gmt":"2017-08-11T23:35:45","guid":{"rendered":"http:\/\/www.inter-accion.com.mx\/?p=7132"},"modified":"2017-08-11T18:35:45","modified_gmt":"2017-08-11T23:35:45","slug":"el-15-de-agosto-se-emite-el-fallo-en-torno-al-amparo-promovido-por-176-policias-despedidos","status":"publish","type":"post","link":"https:\/\/www.interaccionnoticias.com.mx\/?p=7132","title":{"rendered":"El 15 de agosto se emite el fallo en torno al amparo promovido por 176 polic\u00edas despedidos"},"content":{"rendered":"<p><strong>Temen un fallo en contra<\/strong><br \/>\nA cuatro d\u00edas de que el Poder Judicial de la Federaci\u00f3n emita un fallo en torno al Juicio de Amparo que promovieron para defender su permanencia en el trabajo, los 176 polic\u00edas estatales despedidos de la Secretar\u00eda de Seguridad P\u00fablica (SSP) reconocieron que temen un fallo en su contra, a partir de la posible comisi\u00f3n de un acto de corrupci\u00f3n.<br \/>\nLos elementos que se mantienen en el juicio, este viernes volvieron a concentrarse en la explanada de la Comisi\u00f3n de Derechos Humanos del Estado de Guerrero (CDHEG), para ratificar su determinaci\u00f3n de no ceder ante las presiones de la autoridad y esperar a que se emita una resoluci\u00f3n.<br \/>\nSe\u00f1alaron que ellos aportaron todos los elementos de prueba para dar sustento al juicio que promovieron ante la justicia federal, sin embargo, temen que haya un acto de arbitrariedad en su contra.<br \/>\nDesde mayo pasado, los elementos que se declararon en paro a partir de que exigieron mejores condiciones de trabajo fueron sancionados&nbsp;&nbsp;con la suspensi\u00f3n de sus pagos, aunque no se ha consumado el despido porque no aceptaron el finiquito que se les ofreci\u00f3.<br \/>\nLa SSP pretend\u00eda pagarles 7 mil pesos por cada a\u00f1o trabajado, lo que consideraron como una falta de respeto, sobre todo cuando ellos son elementos que se entregaron al trabajo de seguridad p\u00fablica, asumiendo el riesgo de utilizar equipo que en muchos casos ya no era \u00fatil para mantener a salvo su integridad personal.<br \/>\nEl Juicio de Amparo est\u00e1 acompa\u00f1ado de una denuncia por abuso de autoridad en contra del general Pedro Almaz\u00e1n Cervantes, titular de la SSP.<br \/>\nInvitaron a los medios de comunicaci\u00f3n para estar presentes en la sede del Juzgado S\u00e9ptimo de Distrito, con la intenci\u00f3n de que informen de manera puntual si se adopta en contra de los elementos despedidos el tr\u00e1fico de influencias.<br \/>\nRecordaron que el despido que se pretende consumar es completamente arbitrario, ya que no se les turn\u00f3 al Consejo de Honor y Justicia de la SSP, la decisi\u00f3n de dejarlos fuera de la corporaci\u00f3n la tom\u00f3 una sola persona, no los \u00f3rganos de control interno.<\/p>\n","protected":false},"excerpt":{"rendered":"<p>Temen un fallo en contra A cuatro d\u00edas de que el Poder Judicial de la Federaci\u00f3n emita un fallo en torno al Juicio de Amparo que promovieron para defender su&hellip; <\/p>\n","protected":false},"author":1,"featured_media":0,"comment_status":"closed","ping_status":"closed","sticky":false,"template":"","format":"standard","meta":{"fifu_image_url":"","fifu_image_alt":"","footnotes":""},"categories":[8,15],"tags":[],"class_list":["post-7132","post","type-post","status-publish","format-standard","hentry","category-featured","category-movimientos-sociales"],"_links":{"self":[{"href":"https:\/\/www.interaccionnoticias.com.mx\/index.php?rest_route=\/wp\/v2\/posts\/7132","targetHints":{"allow":["GET"]}}],"collection":[{"href":"https:\/\/www.interaccionnoticias.com.mx\/index.php?rest_route=\/wp\/v2\/posts"}],"about":[{"href":"https:\/\/www.interaccionnoticias.com.mx\/index.php?rest_route=\/wp\/v2\/types\/post"}],"author":[{"embeddable":true,"href":"https:\/\/www.interaccionnoticias.com.mx\/index.php?rest_route=\/wp\/v2\/users\/1"}],"replies":[{"embeddable":true,"href":"https:\/\/www.interaccionnoticias.com.mx\/index.php?rest_route=%2Fwp%2Fv2%2Fcomments&post=7132"}],"version-history":[{"count":0,"href":"https:\/\/www.interaccionnoticias.com.mx\/index.php?rest_route=\/wp\/v2\/posts\/7132\/revisions"}],"wp:attachment":[{"href":"https:\/\/www.interaccionnoticias.com.mx\/index.php?rest_route=%2Fwp%2Fv2%2Fmedia&parent=7132"}],"wp:term":[{"taxonomy":"category","embeddable":true,"href":"https:\/\/www.interaccionnoticias.com.mx\/index.php?rest_route=%2Fwp%2Fv2%2Fcategories&post=7132"},{"taxonomy":"post_tag","embeddable":true,"href":"https:\/\/www.interaccionnoticias.com.mx\/index.php?rest_route=%2Fwp%2Fv2%2Ftags&post=7132"}],"curies":[{"name":"wp","href":"https:\/\/api.w.org\/{rel}","templated":true}]}}