{"id":71302,"date":"2023-11-23T20:50:00","date_gmt":"2023-11-24T02:50:00","guid":{"rendered":"https:\/\/interaccionnoticias.com.mx\/?p=71302"},"modified":"2023-11-24T16:24:28","modified_gmt":"2023-11-24T22:24:28","slug":"fge-comienza-la-busqueda-de-los-cinco-desaparecidos-en-taxco","status":"publish","type":"post","link":"https:\/\/www.interaccionnoticias.com.mx\/?p=71302","title":{"rendered":"FGE comienza la b\u00fasqueda de los cinco desaparecidos en Taxco"},"content":{"rendered":"\n<p><strong><em>&#8212; Confirma que tres son periodistas y moviliza a las fiscal\u00edas especializadas<\/em><\/strong><\/p>\n\n\n\n<p><strong>Rogelio Agust\u00edn<\/strong><\/p>\n\n\n\n<p>La Fiscal\u00eda General del Estado (FGE) confirm\u00f3 la desaparici\u00f3n de cinco personas en la cabecera municipal de Taxco de Alarc\u00f3n, entre ellos tres periodistas y dio a conocer que ya puso en marcha el proceso de b\u00fasqueda, para tratar de localizarlos.<\/p>\n\n\n\n<p>La dependencia confirmad\u00f3 la emisi\u00f3n de tres fichas de b\u00fasqueda a nombre de Marco Antonio Toledo Jaimes, editor del semanario \u00abEl Expectador de Taxco\u00bb, su esposa Guadalupe Denova Flores y su hijo Alberto Toledo Denova.<\/p>\n\n\n\n<p>Ellos fueron distra\u00eddos la jornada del domingo 19 de noviembre de su domicilio particular, ubicado en la cabecera municipal de Taxco, al parecer a mano de hombres armados.<\/p>\n\n\n\n<p>La noche del mi\u00e9rcoles 22 de noviembre se report\u00f3 la desaparici\u00f3n de Silvia Naisa Avil\u00e9s y su esposo Alberto S\u00e1nchez, coordinadores del portal de noticias Red 7.<\/p>\n\n\n\n<p>La FGE inform\u00f3 la noche del jueves, que en la b\u00fasqueda de los tres periodistas y sus seres queridos interviene la Fiscal\u00eda Especializada en Delitos Cometidos en Agravios contra Periodistas y Defensores de Derechos Humanos, as\u00ed como la Fiscal\u00eda Especializada en Desaparici\u00f3n de Personas y B\u00fasqueda de Personas Desaparecidas.<\/p>\n\n\n\n<p>El \u00f3rgano encargado de investigar los delitos, refiri\u00f3 que en los casos de Silvia y Alberto se est\u00e1 a la espera de que sus familias aporten datos suficientes para integrar la carpeta de investigaci\u00f3n correspondiente.<\/p>\n\n\n\n<p>La FGE indic\u00f3 que en cuanto se tuvo conocimiento de los casos antes referidos, inici\u00f3 los trabajos encaminados a propiciar la b\u00fasqueda de los afectados, con la intenci\u00f3n de localizarlos y permitir que retomen sus actividades.<\/p>\n\n\n\n<p>Silvia naisa aviles y Alberto&nbsp;S\u00e1nchez&nbsp;Red7<\/p>\n\n\n\n<div class=\"wp-block-jetpack-slideshow aligncenter\" data-effect=\"slide\"><div class=\"wp-block-jetpack-slideshow_container swiper-container\"><ul class=\"wp-block-jetpack-slideshow_swiper-wrapper swiper-wrapper\"><li class=\"wp-block-jetpack-slideshow_slide swiper-slide\"><figure><img decoding=\"async\" src=\"data:image\/gif;base64,R0lGODlhAQABAIAAAAAAAP\/\/\/ywAAAAAAQABAAACAUwAOw==\" fifu-lazy=\"1\" fifu-data-sizes=\"auto\" fifu-data-srcset=\"https:\/\/i3.wp.com\/interaccionnoticias.com.mx\/wp-content\/uploads\/2023\/11\/231123-FGE-791x1024.jpg?ssl=1&w=75&resize=75&ssl=1 75w, https:\/\/i3.wp.com\/interaccionnoticias.com.mx\/wp-content\/uploads\/2023\/11\/231123-FGE-791x1024.jpg?ssl=1&w=100&resize=100&ssl=1 100w, https:\/\/i3.wp.com\/interaccionnoticias.com.mx\/wp-content\/uploads\/2023\/11\/231123-FGE-791x1024.jpg?ssl=1&w=150&resize=150&ssl=1 150w, https:\/\/i3.wp.com\/interaccionnoticias.com.mx\/wp-content\/uploads\/2023\/11\/231123-FGE-791x1024.jpg?ssl=1&w=240&resize=240&ssl=1 240w, https:\/\/i3.wp.com\/interaccionnoticias.com.mx\/wp-content\/uploads\/2023\/11\/231123-FGE-791x1024.jpg?ssl=1&w=320&resize=320&ssl=1 320w, https:\/\/i3.wp.com\/interaccionnoticias.com.mx\/wp-content\/uploads\/2023\/11\/231123-FGE-791x1024.jpg?ssl=1&w=500&resize=500&ssl=1 500w, https:\/\/i3.wp.com\/interaccionnoticias.com.mx\/wp-content\/uploads\/2023\/11\/231123-FGE-791x1024.jpg?ssl=1&w=640&resize=640&ssl=1 640w, https:\/\/i3.wp.com\/interaccionnoticias.com.mx\/wp-content\/uploads\/2023\/11\/231123-FGE-791x1024.jpg?ssl=1&w=800&resize=800&ssl=1 800w, https:\/\/i3.wp.com\/interaccionnoticias.com.mx\/wp-content\/uploads\/2023\/11\/231123-FGE-791x1024.jpg?ssl=1&w=1024&resize=1024&ssl=1 1024w, https:\/\/i3.wp.com\/interaccionnoticias.com.mx\/wp-content\/uploads\/2023\/11\/231123-FGE-791x1024.jpg?ssl=1&w=1280&resize=1280&ssl=1 1280w, https:\/\/i3.wp.com\/interaccionnoticias.com.mx\/wp-content\/uploads\/2023\/11\/231123-FGE-791x1024.jpg?ssl=1&w=1600&resize=1600&ssl=1 1600w\" alt=\"\" class=\"wp-block-jetpack-slideshow_image wp-image-71303\" data-id=\"71303\" fifu-data-src=\"https:\/\/i3.wp.com\/interaccionnoticias.com.mx\/wp-content\/uploads\/2023\/11\/231123-FGE-791x1024.jpg?ssl=1\"\/><\/figure><\/li><\/ul><a class=\"wp-block-jetpack-slideshow_button-prev swiper-button-prev swiper-button-white\" role=\"button\"><\/a><a class=\"wp-block-jetpack-slideshow_button-next swiper-button-next swiper-button-white\" role=\"button\"><\/a><a aria-label=\"Pause Slideshow\" class=\"wp-block-jetpack-slideshow_button-pause\" role=\"button\"><\/a><div class=\"wp-block-jetpack-slideshow_pagination swiper-pagination swiper-pagination-white\"><\/div><\/div><\/div>\n","protected":false},"excerpt":{"rendered":"<p>&#8212; Confirma que tres son periodistas y moviliza a las fiscal\u00edas especializadas Rogelio Agust\u00edn La Fiscal\u00eda General del Estado (FGE) confirm\u00f3 la desaparici\u00f3n de cinco personas en la cabecera municipal&hellip; <\/p>\n","protected":false},"author":21,"featured_media":71304,"comment_status":"open","ping_status":"open","sticky":false,"template":"","format":"standard","meta":{"fifu_image_url":"","fifu_image_alt":"","footnotes":""},"categories":[27],"tags":[],"class_list":["post-71302","post","type-post","status-publish","format-standard","has-post-thumbnail","hentry","category-seguridad-publica"],"_links":{"self":[{"href":"https:\/\/www.interaccionnoticias.com.mx\/index.php?rest_route=\/wp\/v2\/posts\/71302","targetHints":{"allow":["GET"]}}],"collection":[{"href":"https:\/\/www.interaccionnoticias.com.mx\/index.php?rest_route=\/wp\/v2\/posts"}],"about":[{"href":"https:\/\/www.interaccionnoticias.com.mx\/index.php?rest_route=\/wp\/v2\/types\/post"}],"author":[{"embeddable":true,"href":"https:\/\/www.interaccionnoticias.com.mx\/index.php?rest_route=\/wp\/v2\/users\/21"}],"replies":[{"embeddable":true,"href":"https:\/\/www.interaccionnoticias.com.mx\/index.php?rest_route=%2Fwp%2Fv2%2Fcomments&post=71302"}],"version-history":[{"count":1,"href":"https:\/\/www.interaccionnoticias.com.mx\/index.php?rest_route=\/wp\/v2\/posts\/71302\/revisions"}],"predecessor-version":[{"id":71305,"href":"https:\/\/www.interaccionnoticias.com.mx\/index.php?rest_route=\/wp\/v2\/posts\/71302\/revisions\/71305"}],"wp:featuredmedia":[{"embeddable":true,"href":"https:\/\/www.interaccionnoticias.com.mx\/index.php?rest_route=\/wp\/v2\/media\/71304"}],"wp:attachment":[{"href":"https:\/\/www.interaccionnoticias.com.mx\/index.php?rest_route=%2Fwp%2Fv2%2Fmedia&parent=71302"}],"wp:term":[{"taxonomy":"category","embeddable":true,"href":"https:\/\/www.interaccionnoticias.com.mx\/index.php?rest_route=%2Fwp%2Fv2%2Fcategories&post=71302"},{"taxonomy":"post_tag","embeddable":true,"href":"https:\/\/www.interaccionnoticias.com.mx\/index.php?rest_route=%2Fwp%2Fv2%2Ftags&post=71302"}],"curies":[{"name":"wp","href":"https:\/\/api.w.org\/{rel}","templated":true}]}}