{"id":71298,"date":"2023-11-23T18:35:59","date_gmt":"2023-11-24T00:35:59","guid":{"rendered":"https:\/\/interaccionnoticias.com.mx\/?p=71298"},"modified":"2023-11-23T18:36:03","modified_gmt":"2023-11-24T00:36:03","slug":"zona-rural-de-acapulco-y-coyuca-sin-atencion-de-gobierno-federal-tras-el-paso-de-otis","status":"publish","type":"post","link":"https:\/\/www.interaccionnoticias.com.mx\/?p=71298","title":{"rendered":"Zona rural de Acapulco y Coyuca sin atenci\u00f3n de gobierno federal tras el paso de Otis"},"content":{"rendered":"\n<p><strong>Rosario Garc\u00eda Orozco<\/strong><\/p>\n\n\n\n<p><strong>Chilpancingo, Gro., 23 de noviembre del 2023.-<\/strong> A pesar de que ya pas\u00f3 casi un mes del paso del hurac\u00e1n Otis, que afect\u00f3 de manera severa a Acapulco y Coyuca de Ben\u00edtez, la zona rural de ambos municipios \u00abse encuentra en total abandono de las autoridades federales\u00bb, asegur\u00f3 el dirigente de la Liga de Comunidades Agrarias y Sindicatos Campesinos, Evencio Romero Sotelo.<\/p>\n\n\n\n<p>Sostuvo que los campesinos de la zona rural \u00abno han recibido ni un peso de la Federaci\u00f3n\u00bb, y agreg\u00f3 que \u201chay un campo desolado y abandonado, nadie se ha acercado a corroborar los da\u00f1os que sufrieron los campesinos que se cuentan por miles de millones de pesos\u201d.<\/p>\n\n\n\n<p>Inform\u00f3 que junto con otros l\u00edderes agrarios recorri\u00f3 el mi\u00e9rcoles de esta semana parte de los 32 n\u00facleos agrarios y 20 ejidos de Acapulco y Coyuca Ben\u00edtez, y que pudieron corroborar la situaci\u00f3n que padecen los campesinos de esos lugares.<\/p>\n\n\n\n<p>Record\u00f3 que el presidente de la Rep\u00fablica, Andr\u00e9s Manuel L\u00f3pez Obrador, declar\u00f3 en su conferencia ma\u00f1anera que su gobierno ya hab\u00eda autorizado 299 millones de pesos para el campo de Guerrero, \u201cpero resulta que esos 299 millones de pesos nada m\u00e1s est\u00e1n en la declaraci\u00f3n de L\u00f3pez Obrador, porque en la realidad no hay nada, no ha bajado nada; no hay recursos para operar, por lo que el campo de Acapulco y Coyuca de Ben\u00edtez est\u00e1 abandonado a su suerte\u201d.<\/p>\n\n\n\n<p>Adem\u00e1s, dijo, las comunidades rurales de Acapulco y Coyuca de Ben\u00edtez todav\u00eda no tienen servicio de energ\u00eda el\u00e9ctrica \u201cy ni siquiera tienen qu\u00e9 comer, porque all\u00e1 no llegan las despensas y tampoco llegan las brigadas m\u00e9dicas\u201d.<\/p>\n\n\n\n<p>Explic\u00f3 que las autoridades federales tampoco han iniciado el censo agropecuario y pesquero para la evaluaci\u00f3n de los da\u00f1os, \u201clo cual es grave, por lo que no se sabe a cu\u00e1nto ascienden las afectaciones en el \u00e1rea rural\u201d.<\/p>\n\n\n\n<p>Romero Sotelo agreg\u00f3 que las organizaciones de campesinos y pescadores recopilan pruebas de los da\u00f1os sufridos para que se le hagan llegar al secretario de Agricultura y Desarrollo Rural, V\u00edctor Villalobos, \u00abpara que venga y que atienda la situaci\u00f3n que vive el campo de Guerrero, que no sea un bur\u00f3crata empedernido\u201d.<\/p>\n\n\n\n<p>Advirti\u00f3 que si las autoridades no hacen caso a la exigencia de atenci\u00f3n de los habitantes de la zona rural de esos municipios van a llevar a cabo diversas protestas, hasta que sean escuchadas sus demandas.<\/p>\n","protected":false},"excerpt":{"rendered":"<p>Rosario Garc\u00eda Orozco Chilpancingo, Gro., 23 de noviembre del 2023.- A pesar de que ya pas\u00f3 casi un mes del paso del hurac\u00e1n Otis, que afect\u00f3 de manera severa a&hellip; <\/p>\n","protected":false},"author":14,"featured_media":71299,"comment_status":"open","ping_status":"open","sticky":false,"template":"","format":"standard","meta":{"fifu_image_url":"","fifu_image_alt":"","footnotes":""},"categories":[11],"tags":[],"class_list":["post-71298","post","type-post","status-publish","format-standard","has-post-thumbnail","hentry","category-guerrero"],"_links":{"self":[{"href":"https:\/\/www.interaccionnoticias.com.mx\/index.php?rest_route=\/wp\/v2\/posts\/71298","targetHints":{"allow":["GET"]}}],"collection":[{"href":"https:\/\/www.interaccionnoticias.com.mx\/index.php?rest_route=\/wp\/v2\/posts"}],"about":[{"href":"https:\/\/www.interaccionnoticias.com.mx\/index.php?rest_route=\/wp\/v2\/types\/post"}],"author":[{"embeddable":true,"href":"https:\/\/www.interaccionnoticias.com.mx\/index.php?rest_route=\/wp\/v2\/users\/14"}],"replies":[{"embeddable":true,"href":"https:\/\/www.interaccionnoticias.com.mx\/index.php?rest_route=%2Fwp%2Fv2%2Fcomments&post=71298"}],"version-history":[{"count":1,"href":"https:\/\/www.interaccionnoticias.com.mx\/index.php?rest_route=\/wp\/v2\/posts\/71298\/revisions"}],"predecessor-version":[{"id":71300,"href":"https:\/\/www.interaccionnoticias.com.mx\/index.php?rest_route=\/wp\/v2\/posts\/71298\/revisions\/71300"}],"wp:featuredmedia":[{"embeddable":true,"href":"https:\/\/www.interaccionnoticias.com.mx\/index.php?rest_route=\/wp\/v2\/media\/71299"}],"wp:attachment":[{"href":"https:\/\/www.interaccionnoticias.com.mx\/index.php?rest_route=%2Fwp%2Fv2%2Fmedia&parent=71298"}],"wp:term":[{"taxonomy":"category","embeddable":true,"href":"https:\/\/www.interaccionnoticias.com.mx\/index.php?rest_route=%2Fwp%2Fv2%2Fcategories&post=71298"},{"taxonomy":"post_tag","embeddable":true,"href":"https:\/\/www.interaccionnoticias.com.mx\/index.php?rest_route=%2Fwp%2Fv2%2Ftags&post=71298"}],"curies":[{"name":"wp","href":"https:\/\/api.w.org\/{rel}","templated":true}]}}