{"id":71285,"date":"2023-11-23T18:19:35","date_gmt":"2023-11-24T00:19:35","guid":{"rendered":"https:\/\/interaccionnoticias.com.mx\/?p=71285"},"modified":"2023-11-23T18:19:38","modified_gmt":"2023-11-24T00:19:38","slug":"serenatas-tradicion-que-se-extingue-en-chilpancingo","status":"publish","type":"post","link":"https:\/\/www.interaccionnoticias.com.mx\/?p=71285","title":{"rendered":"\u201cSerenatas\u201d, tradici\u00f3n que se extingue en Chilpancingo"},"content":{"rendered":"\n<p><strong><em>&#8212; El m\u00fasico Eleazar Cruz a\u00f1ora los tiempos en donde los enamorados le cantaban a sus amadas<\/em><\/strong><\/p>\n\n\n\n<p><strong>Yasm\u00edn Garc\u00eda<\/strong><\/p>\n\n\n\n<p>Eleazar Cruz N\u00e1jera, m\u00fasico originario de Tlacotepec, recorre las calles de Chilpancingo para cantar y ganarse algunas monedas.<\/p>\n\n\n\n<p>Comenz\u00f3 a tocar la guitarra y a cantar a los seis a\u00f1os de edad, cuando apenas hab\u00eda entrado a la primaria, se inspir\u00f3 en Jorge Negrete, Pedro Infante, Javier Sol\u00eds y Jos\u00e9 Alfredo.<\/p>\n\n\n\n<p>La guitarra es un instrumento que necesita de mucha pr\u00e1ctica, y as\u00ed lo ha hecho desde su ni\u00f1ez, sus dedos est\u00e1n marcados por el plectro, no hay un d\u00eda que no toque su guitarra.<\/p>\n\n\n\n<p>En 1965, fue campe\u00f3n de canto a nivel municipal en un evento organizado por el Instituto Municipal de la Juventud (IMJUVE), premio que lo llevo a recorrer el estado, y otras ciudades como Cuernavaca y Jalisco.<\/p>\n\n\n\n<p>\u201cTocar la guitarra significa mucho, es la que me ha dado de comer he podido sostener a mi familia, mis cuatro hijos ya son profesionistas, siempre he vivido de la m\u00fasica\u201d<\/p>\n\n\n\n<p>Eleazar a\u00f1ora la \u00e9poca de los setentas y ochentas en donde las personas eran m\u00e1s rom\u00e1nticas, llevaban serenatas a sus novias y esposas, hab\u00eda noches en las que no dorm\u00eda por tanto trabajo que ten\u00eda.<\/p>\n\n\n\n<p>\u201cMe iba a la central de autobuses ah\u00ed pasaban por m\u00ed, me contrataban para llevar serenata, pero el amor se muri\u00f3 cuando los chamacos empezaron a tener tel\u00e9fonos, ahora solo les dicen quieres andar conmigo y ya es todo, se acabaron las cartas de amor\u201d.<\/p>\n\n\n\n<p>Lament\u00f3 que las serenatas se hayan terminado, por la falta de romanticismo.<\/p>\n\n\n\n<p>A los j\u00f3venes que les guste la m\u00fasica los invit\u00f3 a prepararse, y no enfocarse en el reggeton o corridos tumbados ya que eso no es m\u00fasica adem\u00e1s de que hacen apolog\u00eda a la violencia hac\u00eda las mujeres y a la delincuencia.<\/p>\n\n\n\n<p>A los gobiernos les pidi\u00f3 dar apertura a la m\u00fasica, invitarlos a tocar en eventos culturales pero que les paguen \u00abporque siempre que nos invitan quieren que todo sea de gorra y ellos se levantan el cuello\u00bb.<\/p>\n\n\n\n<p>A sus 71 a\u00f1os seguir\u00e1 recorriendo las calles, el z\u00f3calo y las plazas p\u00fablicas de la ciudad capital para cantar alguna canci\u00f3n que el p\u00fablico le solicit\u00e9. En el marco del d\u00eda del m\u00fasico env\u00edo una felicitaci\u00f3n a sus compa\u00f1eros.<\/p>\n","protected":false},"excerpt":{"rendered":"<p>&#8212; El m\u00fasico Eleazar Cruz a\u00f1ora los tiempos en donde los enamorados le cantaban a sus amadas Yasm\u00edn Garc\u00eda Eleazar Cruz N\u00e1jera, m\u00fasico originario de Tlacotepec, recorre las calles de&hellip; <\/p>\n","protected":false},"author":32,"featured_media":71286,"comment_status":"open","ping_status":"open","sticky":false,"template":"","format":"standard","meta":{"fifu_image_url":"","fifu_image_alt":"","footnotes":""},"categories":[29],"tags":[],"class_list":["post-71285","post","type-post","status-publish","format-standard","has-post-thumbnail","hentry","category-sociedad"],"_links":{"self":[{"href":"https:\/\/www.interaccionnoticias.com.mx\/index.php?rest_route=\/wp\/v2\/posts\/71285","targetHints":{"allow":["GET"]}}],"collection":[{"href":"https:\/\/www.interaccionnoticias.com.mx\/index.php?rest_route=\/wp\/v2\/posts"}],"about":[{"href":"https:\/\/www.interaccionnoticias.com.mx\/index.php?rest_route=\/wp\/v2\/types\/post"}],"author":[{"embeddable":true,"href":"https:\/\/www.interaccionnoticias.com.mx\/index.php?rest_route=\/wp\/v2\/users\/32"}],"replies":[{"embeddable":true,"href":"https:\/\/www.interaccionnoticias.com.mx\/index.php?rest_route=%2Fwp%2Fv2%2Fcomments&post=71285"}],"version-history":[{"count":1,"href":"https:\/\/www.interaccionnoticias.com.mx\/index.php?rest_route=\/wp\/v2\/posts\/71285\/revisions"}],"predecessor-version":[{"id":71287,"href":"https:\/\/www.interaccionnoticias.com.mx\/index.php?rest_route=\/wp\/v2\/posts\/71285\/revisions\/71287"}],"wp:featuredmedia":[{"embeddable":true,"href":"https:\/\/www.interaccionnoticias.com.mx\/index.php?rest_route=\/wp\/v2\/media\/71286"}],"wp:attachment":[{"href":"https:\/\/www.interaccionnoticias.com.mx\/index.php?rest_route=%2Fwp%2Fv2%2Fmedia&parent=71285"}],"wp:term":[{"taxonomy":"category","embeddable":true,"href":"https:\/\/www.interaccionnoticias.com.mx\/index.php?rest_route=%2Fwp%2Fv2%2Fcategories&post=71285"},{"taxonomy":"post_tag","embeddable":true,"href":"https:\/\/www.interaccionnoticias.com.mx\/index.php?rest_route=%2Fwp%2Fv2%2Ftags&post=71285"}],"curies":[{"name":"wp","href":"https:\/\/api.w.org\/{rel}","templated":true}]}}