{"id":71282,"date":"2023-11-23T18:08:57","date_gmt":"2023-11-24T00:08:57","guid":{"rendered":"https:\/\/interaccionnoticias.com.mx\/?p=71282"},"modified":"2023-11-23T18:09:01","modified_gmt":"2023-11-24T00:09:01","slug":"lluvias-afectan-calle-de-la-21-de-marzo-vecinos-lamentan-que-las-autoridades-hagan-caso-omiso-a-la-solicitud-de-reconstruccion","status":"publish","type":"post","link":"https:\/\/www.interaccionnoticias.com.mx\/?p=71282","title":{"rendered":"Lluvias afectan calle de la 21 de marzo, vecinos lamentan que las autoridades hagan caso omiso a la solicitud de reconstrucci\u00f3n"},"content":{"rendered":"\n<p><strong><em>&#8212; Hace 4 meses vecinos se organizaron para tapar los baches<\/em><\/strong><\/p>\n\n\n\n<p><strong>Dassaev T\u00e9llez Adame<\/strong><\/p>\n\n\n\n<p><strong>Chilpancingo, 23 de noviembre. &#8211; <\/strong>En p\u00e9simas condiciones se encuentra la calle principal de la colonia 21 de marzo en Chilpancingo, denuncian habitantes que las autoridades municipales no atienden su petici\u00f3n para la reconstrucci\u00f3n de esta v\u00eda.<\/p>\n\n\n\n<p>Recordemos que el pasado 18 de julio, vecinos de esta colonia se organizaron y cooperaron para poder comprar carros de revestimiento y tratar de tapar los baches de esta calle, adem\u00e1s de contratar una maquina de trascabo para emparejarla.<\/p>\n\n\n\n<p>En ese momento denunciaron que esta acci\u00f3n la hac\u00edan para evitar que en la temporada de lluvias los baches continuaran agrand\u00e1ndose y provocaran alg\u00fan accidente, explicando que con el agua de las lluvias y la cantidad de baches que hay, se formaban lagunas de agua que imped\u00edan el paso de los colonos, as\u00ed como de los ni\u00f1os y j\u00f3venes que acuden todas las ma\u00f1anas a sus respectivas escuelas.<\/p>\n\n\n\n<p>Este jueves, el presidente de la colonia, Arturo Luna, dijo que ya han acudido en multiples ocasiones a las dependencias municipales y estatales correspondientes, dejando los escritos y oficios necesarios para solicitar el reencarpetamiento asfaltico de la calle, pero sin que hasta el momento tengan una respuesta favorable a su petici\u00f3n.<\/p>\n\n\n\n<p>Record\u00f3 que fue hace tres meses antes de que los vecinos se organizaron para llevar la \u00faltima petici\u00f3n, pero ante la nula respuesta decidieron hacerlo por sus propios medios.<\/p>\n\n\n\n<p>Actualmente y a 5 meses del bacheo realizado por los mismos vecinos, acci\u00f3n a la que tambi\u00e9n se sumaron transportistas de esta ruta, la calle muestra aun m\u00e1s da\u00f1os y baches m\u00e1s grandes, lo que ocasiona grandes encharcamientos y lodo.<\/p>\n\n\n\n<p>La madrugada de ayer se registr\u00f3 una fuerte lluvia en la capital del estado, por lo que hoy en la ma\u00f1ana en el acceso principal de esta colonia se pudo notar un gran encharcamiento de agua, sin que las autoridades hagan algo por intentar repararla.<\/p>\n\n\n\n<p>En julio pasado el presidente tambi\u00e9n declar\u00f3 que adem\u00e1s de la calle principal la colonia tambi\u00e9n tiene otros desperfectos c\u00f3mo drenaje y luminaria y cuando llaman a pedir el apoyo de la direcci\u00f3n de Servicios P\u00fablicos Municipales acuden, pero les exigen que ellos paguen el costo de las refacciones.<\/p>\n","protected":false},"excerpt":{"rendered":"<p>&#8212; Hace 4 meses vecinos se organizaron para tapar los baches Dassaev T\u00e9llez Adame Chilpancingo, 23 de noviembre. &#8211; En p\u00e9simas condiciones se encuentra la calle principal de la colonia&hellip; <\/p>\n","protected":false},"author":9,"featured_media":71283,"comment_status":"open","ping_status":"open","sticky":false,"template":"","format":"standard","meta":{"fifu_image_url":"","fifu_image_alt":"","footnotes":""},"categories":[13],"tags":[],"class_list":["post-71282","post","type-post","status-publish","format-standard","has-post-thumbnail","hentry","category-capital"],"_links":{"self":[{"href":"https:\/\/www.interaccionnoticias.com.mx\/index.php?rest_route=\/wp\/v2\/posts\/71282","targetHints":{"allow":["GET"]}}],"collection":[{"href":"https:\/\/www.interaccionnoticias.com.mx\/index.php?rest_route=\/wp\/v2\/posts"}],"about":[{"href":"https:\/\/www.interaccionnoticias.com.mx\/index.php?rest_route=\/wp\/v2\/types\/post"}],"author":[{"embeddable":true,"href":"https:\/\/www.interaccionnoticias.com.mx\/index.php?rest_route=\/wp\/v2\/users\/9"}],"replies":[{"embeddable":true,"href":"https:\/\/www.interaccionnoticias.com.mx\/index.php?rest_route=%2Fwp%2Fv2%2Fcomments&post=71282"}],"version-history":[{"count":1,"href":"https:\/\/www.interaccionnoticias.com.mx\/index.php?rest_route=\/wp\/v2\/posts\/71282\/revisions"}],"predecessor-version":[{"id":71284,"href":"https:\/\/www.interaccionnoticias.com.mx\/index.php?rest_route=\/wp\/v2\/posts\/71282\/revisions\/71284"}],"wp:featuredmedia":[{"embeddable":true,"href":"https:\/\/www.interaccionnoticias.com.mx\/index.php?rest_route=\/wp\/v2\/media\/71283"}],"wp:attachment":[{"href":"https:\/\/www.interaccionnoticias.com.mx\/index.php?rest_route=%2Fwp%2Fv2%2Fmedia&parent=71282"}],"wp:term":[{"taxonomy":"category","embeddable":true,"href":"https:\/\/www.interaccionnoticias.com.mx\/index.php?rest_route=%2Fwp%2Fv2%2Fcategories&post=71282"},{"taxonomy":"post_tag","embeddable":true,"href":"https:\/\/www.interaccionnoticias.com.mx\/index.php?rest_route=%2Fwp%2Fv2%2Ftags&post=71282"}],"curies":[{"name":"wp","href":"https:\/\/api.w.org\/{rel}","templated":true}]}}