{"id":71279,"date":"2023-11-23T17:53:31","date_gmt":"2023-11-23T23:53:31","guid":{"rendered":"https:\/\/interaccionnoticias.com.mx\/?p=71279"},"modified":"2023-11-23T17:57:40","modified_gmt":"2023-11-23T23:57:40","slug":"protestan-trabajadores-del-dif-para-exigir-pago-de-prestaciones-de-fin-de-ano","status":"publish","type":"post","link":"https:\/\/www.interaccionnoticias.com.mx\/?p=71279","title":{"rendered":"Protestan trabajadores del DIF para exigir pago de prestaciones de fin de a\u00f1o"},"content":{"rendered":"\n<p><strong><em>&#8212; Exigen destituci\u00f3n de directores<\/em><\/strong><\/p>\n\n\n\n<p><strong>Jes\u00fas Dorantes<\/strong><\/p>\n\n\n\n<p><strong>Chilpancingo, Gro.- <\/strong>Integrantes del Sindicato Estatal de Trabajadores del Sistema para el Desarrollo Integral de la Familia (SETSDIFGRO) se manifestaron para exigir el pago de adeudos y la destituci\u00f3n de sus jefes; Antelmo Magdaleno Sol\u00eds y Diana R\u00edos Mondrag\u00f3n.<\/p>\n\n\n\n<p>La jornada del jueves los trabajadores colocaron pancartas en la entrada del CRIG y ofrecieron una rueda de prensa, en la que Leopoldo P\u00e9rez Mart\u00ednez, secretario general de su sindicato denunci\u00f3 la ineficiencia de los encargados de dirigir al Sistema Estatal para el Desarrollo de las Familias.<\/p>\n\n\n\n<p>Antelmo Magdaleno Sol\u00eds, director general del sistema para el Desarrollo Integral de la Familia en Guerrero (DIF) y Diana R\u00edos Mondrag\u00f3n, directora de Administraci\u00f3n y Finanzas, de acuerdo con los trabajadores, no est\u00e1n actuando en la ruta que ha marcado la actual administraci\u00f3n estatal.<\/p>\n\n\n\n<p>En ambos, casos solicitaron su renuncia. luego de acusarlos de no cumplir con Los acuerdos sindicales a los que hab\u00edan llegado, adem\u00e1s de la falta de inter\u00e9s para solucionar y atender problem\u00e1ticas de los trabajadores.<\/p>\n\n\n\n<p>Exigieron tambi\u00e9n el cumplimiento del pago de diferencia por a\u00f1os de antig\u00fcedad, becas para hijos de trabajadores del DIF, pago de 12 d\u00edas de trabajo por jubilaci\u00f3n y el otorgamiento de lentes.<\/p>\n\n\n\n<p>La protesta culmin\u00f3 sin complicaciones.<\/p>\n","protected":false},"excerpt":{"rendered":"<p>&#8212; Exigen destituci\u00f3n de directores Jes\u00fas Dorantes Chilpancingo, Gro.- Integrantes del Sindicato Estatal de Trabajadores del Sistema para el Desarrollo Integral de la Familia (SETSDIFGRO) se manifestaron para exigir el&hellip; <\/p>\n","protected":false},"author":8,"featured_media":71280,"comment_status":"open","ping_status":"open","sticky":false,"template":"","format":"standard","meta":{"fifu_image_url":"","fifu_image_alt":"","footnotes":""},"categories":[11],"tags":[],"class_list":["post-71279","post","type-post","status-publish","format-standard","has-post-thumbnail","hentry","category-guerrero"],"_links":{"self":[{"href":"https:\/\/www.interaccionnoticias.com.mx\/index.php?rest_route=\/wp\/v2\/posts\/71279","targetHints":{"allow":["GET"]}}],"collection":[{"href":"https:\/\/www.interaccionnoticias.com.mx\/index.php?rest_route=\/wp\/v2\/posts"}],"about":[{"href":"https:\/\/www.interaccionnoticias.com.mx\/index.php?rest_route=\/wp\/v2\/types\/post"}],"author":[{"embeddable":true,"href":"https:\/\/www.interaccionnoticias.com.mx\/index.php?rest_route=\/wp\/v2\/users\/8"}],"replies":[{"embeddable":true,"href":"https:\/\/www.interaccionnoticias.com.mx\/index.php?rest_route=%2Fwp%2Fv2%2Fcomments&post=71279"}],"version-history":[{"count":1,"href":"https:\/\/www.interaccionnoticias.com.mx\/index.php?rest_route=\/wp\/v2\/posts\/71279\/revisions"}],"predecessor-version":[{"id":71281,"href":"https:\/\/www.interaccionnoticias.com.mx\/index.php?rest_route=\/wp\/v2\/posts\/71279\/revisions\/71281"}],"wp:featuredmedia":[{"embeddable":true,"href":"https:\/\/www.interaccionnoticias.com.mx\/index.php?rest_route=\/wp\/v2\/media\/71280"}],"wp:attachment":[{"href":"https:\/\/www.interaccionnoticias.com.mx\/index.php?rest_route=%2Fwp%2Fv2%2Fmedia&parent=71279"}],"wp:term":[{"taxonomy":"category","embeddable":true,"href":"https:\/\/www.interaccionnoticias.com.mx\/index.php?rest_route=%2Fwp%2Fv2%2Fcategories&post=71279"},{"taxonomy":"post_tag","embeddable":true,"href":"https:\/\/www.interaccionnoticias.com.mx\/index.php?rest_route=%2Fwp%2Fv2%2Ftags&post=71279"}],"curies":[{"name":"wp","href":"https:\/\/api.w.org\/{rel}","templated":true}]}}