{"id":71269,"date":"2023-11-23T14:46:17","date_gmt":"2023-11-23T20:46:17","guid":{"rendered":"https:\/\/interaccionnoticias.com.mx\/?p=71269"},"modified":"2023-11-23T14:46:19","modified_gmt":"2023-11-23T20:46:19","slug":"ejidatarios-de-buenavista-exigen-resultados-en-torno-al-asesinato-de-bruno-placido-lider-de-la-autodefensa-de-la-upoeg","status":"publish","type":"post","link":"https:\/\/www.interaccionnoticias.com.mx\/?p=71269","title":{"rendered":"Ejidatarios de Buenavista exigen resultados en torno al asesinato de Bruno Pl\u00e1cido, l\u00edder de la autodefensa de la UPOEG"},"content":{"rendered":"\n<p><strong>&#8212; Amagan co bloquear carreteras en la Costa Chica, si la FGE no presenta un informe detallado<br>&#8212; Comisarios de Ayutla preparan un homenaje para su principal dirigente, a un mes del crimen<\/strong><\/p>\n\n\n\n<p><strong>Rogelio Agust\u00edn<\/strong><\/p>\n\n\n\n<p>Habitantes del Ejido de Buenavista, municipio de San Luis Acatl\u00e1n exigieron a la Fiscal\u00eda General del Estado (FGE) que aporte resultados en torno al asesinato cometido en agravio de Bruno Pl\u00e1cido Valerio, fundador de la autodefensa armada de la Uni\u00f3n de Pueblos del Estado de Guerrero (UPOEG), de lo contrario, amagaron con realizar bloqueos en dos tramos carreteros de la Costa Chica, a partir del proximo lunes.<\/p>\n\n\n\n<p>La tarde del 17 de octubre del presente a\u00f1o, Pl\u00e1cido Valerio fue atacado a balazos en la puerta de acceso de las oficinas centrales de la Secretar\u00eda de Salud junto con otro integrante de la UPOEG identificado como Abad Ruiz Garc\u00eda, tambi\u00e9n vecino de la comunidad de Buena Vista.<\/p>\n\n\n\n<p>El pasado 17 de noviembre se cumpli\u00f3 un mes del doble asesinato, sin que hasta el momento se tenga conocimiento de alg\u00fan avance importante en las investigaciones, que constitucionalmente est\u00e1n a cargo de la FGE.<\/p>\n\n\n\n<p>Por esa raz\u00f3n, este jueves 23 de noviembre los habitantes de la comunidad en que naci\u00f3 Pl\u00e1cido Valerio demandaron que haya resultados en los trabajos que se realizan sobre el caso.<\/p>\n\n\n\n<p>\u201cLos pobladores del ejido de Buena vista en el municipio de San Luis Acatl\u00e1n, exigimos a la fiscal general de Guerrero, que se entregue un reporte detallado de las investigaciones, ya que no existe avance por parte de la fiscal\u00eda, sabemos c\u00f3mo es el actuar de ineficiencia que manejan en la Fiscal, mintiendo y simulando su trabajo, el cual sabemos es nulo\u201d.<\/p>\n\n\n\n<p>En el documento dado a conocer a trav\u00e9s de las redes sociales, los habitantes del Ejido de Buenavista exigen que haya un alto a la inseguridad y violencia que aseguran, se vive en todas las regiones de Guerrero.<\/p>\n\n\n\n<p>Anticipan que van a interceptar en alg\u00fan punto al presidente de la Rep\u00fablica, Andr\u00e9s Manuel L\u00f3pez Obrador durante el recorrido que realizar\u00e1 el pr\u00f3ximo domingo en la Costa Chica de la entidad.<\/p>\n\n\n\n<p>\u201cQueremos que nos informe que se est\u00e1 haciendo para reducir los \u00edndices de violencia e inseguridad\u201d, se\u00f1alan los representantes del ejido.<\/p>\n\n\n\n<p>Tambi\u00e9n, advierten que si no hay un informe puntual de los trabajos realizados en torno al asesinato de Bruno Pl\u00e1cido y su compa\u00f1ero Abad, van a bloquear las carreteras del Puente de Marquelia y Pinotepa Nacional de manera indefinida, dicha acci\u00f3n se realizar\u00e1 la ma\u00f1ana del proximo lunes 27 de noviembre.<\/p>\n\n\n\n<p>La protesta se podr\u00eda disipar si la FGE da a conocer que s\u00ed ha trabajado en el caso y que tiene avances considerables.<\/p>\n\n\n\n<p>El comunicado fue difundido tambi\u00e9n en las plataformas del Consejo Ind\u00edgena y Popular del Estado de Guerrero (CIPOG), cuyo dirigente es Jes\u00fas Pl\u00e1cido Galindo, sobrino de quien fuera el principal dirigente de la UPOEG.<\/p>\n\n\n\n<p>Antes, en la Unidad Deportiva de Ayutla de los Libres, comisarios y comandantes de la UPOEG realizar\u00e1n un homenaje a Bruno Pl\u00e1cido, precisamente en el contexto del cumplimiento del primer mes de su asesinato.<\/p>\n\n\n\n<p>Gonz\u00e1lo Torres Valencia, uno de los fundadores de la autodefensa, anticip\u00f3 que tambi\u00e9n se ratificar\u00e1 el reclamo de justicia que hay en las comunidades incorporadas al Sistema de Seguridad y Justicia Ciudadana (SS y JC) creado en enero de 2013.<\/p>\n","protected":false},"excerpt":{"rendered":"<p>&#8212; Amagan co bloquear carreteras en la Costa Chica, si la FGE no presenta un informe detallado&#8212; Comisarios de Ayutla preparan un homenaje para su principal dirigente, a un mes&hellip; <\/p>\n","protected":false},"author":21,"featured_media":71270,"comment_status":"open","ping_status":"open","sticky":false,"template":"","format":"standard","meta":{"fifu_image_url":"","fifu_image_alt":"","footnotes":""},"categories":[15],"tags":[],"class_list":["post-71269","post","type-post","status-publish","format-standard","has-post-thumbnail","hentry","category-movimientos-sociales"],"_links":{"self":[{"href":"https:\/\/www.interaccionnoticias.com.mx\/index.php?rest_route=\/wp\/v2\/posts\/71269","targetHints":{"allow":["GET"]}}],"collection":[{"href":"https:\/\/www.interaccionnoticias.com.mx\/index.php?rest_route=\/wp\/v2\/posts"}],"about":[{"href":"https:\/\/www.interaccionnoticias.com.mx\/index.php?rest_route=\/wp\/v2\/types\/post"}],"author":[{"embeddable":true,"href":"https:\/\/www.interaccionnoticias.com.mx\/index.php?rest_route=\/wp\/v2\/users\/21"}],"replies":[{"embeddable":true,"href":"https:\/\/www.interaccionnoticias.com.mx\/index.php?rest_route=%2Fwp%2Fv2%2Fcomments&post=71269"}],"version-history":[{"count":1,"href":"https:\/\/www.interaccionnoticias.com.mx\/index.php?rest_route=\/wp\/v2\/posts\/71269\/revisions"}],"predecessor-version":[{"id":71271,"href":"https:\/\/www.interaccionnoticias.com.mx\/index.php?rest_route=\/wp\/v2\/posts\/71269\/revisions\/71271"}],"wp:featuredmedia":[{"embeddable":true,"href":"https:\/\/www.interaccionnoticias.com.mx\/index.php?rest_route=\/wp\/v2\/media\/71270"}],"wp:attachment":[{"href":"https:\/\/www.interaccionnoticias.com.mx\/index.php?rest_route=%2Fwp%2Fv2%2Fmedia&parent=71269"}],"wp:term":[{"taxonomy":"category","embeddable":true,"href":"https:\/\/www.interaccionnoticias.com.mx\/index.php?rest_route=%2Fwp%2Fv2%2Fcategories&post=71269"},{"taxonomy":"post_tag","embeddable":true,"href":"https:\/\/www.interaccionnoticias.com.mx\/index.php?rest_route=%2Fwp%2Fv2%2Ftags&post=71269"}],"curies":[{"name":"wp","href":"https:\/\/api.w.org\/{rel}","templated":true}]}}