{"id":71260,"date":"2023-11-22T17:34:00","date_gmt":"2023-11-22T23:34:00","guid":{"rendered":"https:\/\/interaccionnoticias.com.mx\/?p=71260"},"modified":"2023-11-22T23:38:44","modified_gmt":"2023-11-23T05:38:44","slug":"la-dirigencia-estatal-de-movimiento-ciudadano-exigio-justicia-por-el-asesinato-de-julian-de-la-rosa-pelaez","status":"publish","type":"post","link":"https:\/\/www.interaccionnoticias.com.mx\/?p=71260","title":{"rendered":"La dirigencia estatal de Movimiento Ciudadano exigi\u00f3 justicia por el asesinato de Julian de la Rosa Pel\u00e1ez"},"content":{"rendered":"\n<p><strong>Yasm\u00edn Garc\u00eda Chino<\/strong><\/p>\n\n\n\n<p><strong>Chilpancingo, 22 noviembre 2023.-<\/strong> La dirigencia estatal de Movimiento Ciudadano (MC) exigi\u00f3 justicia por el asesinato de Juli\u00e1n de la Rosa Pel\u00e1ez, quien fuera su dirigente en Chilpancingo.<\/p>\n\n\n\n<p>El Coordinador Operativo Estatal de MC, Juli\u00e1n L\u00f3pez Galeana, hizo un llamado en\u00e9rgico a las instituciones de procuraci\u00f3n de justicia para que el crimen no quede impune y calific\u00f3 el asesinato como un suceso lamentable.<\/p>\n\n\n\n<p>L\u00f3pez Galeana lo reconoci\u00f3 como un ex funcionario p\u00fablico, ya que fue regidor en el periodo de H\u00e9ctor Astudillo Flores (2000-2012). Adem\u00e1s de que realiz\u00f3 los trabajos de la Comisi\u00f3n Operativa de MC en el a\u00f1o 2020 y 2021 en el municipio sacando adelante todos los detalles del proceso electoral. Raz\u00f3n por la cual se un\u00eda a la demanda de justica.<\/p>\n\n\n\n<p>Envi\u00f3 su solidaridad al Secretario de Asuntos Electorales de MC en Guerrero, Sebasti\u00e1n de la Rosa Pel\u00e1ez, hermano de Juli\u00e1n.<\/p>\n\n\n\n<p>Juli\u00e1n de la Rosa, fue asesinado el martes en la entrada a la colonia Lomas de Xocomulco, a unos metros del boulevard Vicente Guerrero, de acuerdo con las autoridades recibi\u00f3 un balazo en la cabeza.<\/p>\n\n\n\n<p>Hermano del pol\u00edtico Sebasti\u00e1n de la Rosa Pel\u00e1ez, quien fue diputado local y federal, adem\u00e1s de dirigente del PRD.<\/p>\n\n\n\n<p>Sebasti\u00e1n renunci\u00f3 al PRD para sumarse a Morena, y despu\u00e9s agruparse en Movimiento Ciudadano en donde le dieron la secretaria de asuntos electorales y Juli\u00e1n era parte de la dirigencia municipal.<\/p>\n","protected":false},"excerpt":{"rendered":"<p>Yasm\u00edn Garc\u00eda Chino Chilpancingo, 22 noviembre 2023.- La dirigencia estatal de Movimiento Ciudadano (MC) exigi\u00f3 justicia por el asesinato de Juli\u00e1n de la Rosa Pel\u00e1ez, quien fuera su dirigente en&hellip; <\/p>\n","protected":false},"author":32,"featured_media":71261,"comment_status":"open","ping_status":"open","sticky":false,"template":"","format":"standard","meta":{"fifu_image_url":"","fifu_image_alt":"","footnotes":""},"categories":[21],"tags":[],"class_list":["post-71260","post","type-post","status-publish","format-standard","has-post-thumbnail","hentry","category-politica"],"_links":{"self":[{"href":"https:\/\/www.interaccionnoticias.com.mx\/index.php?rest_route=\/wp\/v2\/posts\/71260","targetHints":{"allow":["GET"]}}],"collection":[{"href":"https:\/\/www.interaccionnoticias.com.mx\/index.php?rest_route=\/wp\/v2\/posts"}],"about":[{"href":"https:\/\/www.interaccionnoticias.com.mx\/index.php?rest_route=\/wp\/v2\/types\/post"}],"author":[{"embeddable":true,"href":"https:\/\/www.interaccionnoticias.com.mx\/index.php?rest_route=\/wp\/v2\/users\/32"}],"replies":[{"embeddable":true,"href":"https:\/\/www.interaccionnoticias.com.mx\/index.php?rest_route=%2Fwp%2Fv2%2Fcomments&post=71260"}],"version-history":[{"count":1,"href":"https:\/\/www.interaccionnoticias.com.mx\/index.php?rest_route=\/wp\/v2\/posts\/71260\/revisions"}],"predecessor-version":[{"id":71262,"href":"https:\/\/www.interaccionnoticias.com.mx\/index.php?rest_route=\/wp\/v2\/posts\/71260\/revisions\/71262"}],"wp:featuredmedia":[{"embeddable":true,"href":"https:\/\/www.interaccionnoticias.com.mx\/index.php?rest_route=\/wp\/v2\/media\/71261"}],"wp:attachment":[{"href":"https:\/\/www.interaccionnoticias.com.mx\/index.php?rest_route=%2Fwp%2Fv2%2Fmedia&parent=71260"}],"wp:term":[{"taxonomy":"category","embeddable":true,"href":"https:\/\/www.interaccionnoticias.com.mx\/index.php?rest_route=%2Fwp%2Fv2%2Fcategories&post=71260"},{"taxonomy":"post_tag","embeddable":true,"href":"https:\/\/www.interaccionnoticias.com.mx\/index.php?rest_route=%2Fwp%2Fv2%2Ftags&post=71260"}],"curies":[{"name":"wp","href":"https:\/\/api.w.org\/{rel}","templated":true}]}}