{"id":71257,"date":"2023-11-22T15:17:00","date_gmt":"2023-11-22T21:17:00","guid":{"rendered":"https:\/\/interaccionnoticias.com.mx\/?p=71257"},"modified":"2023-11-22T23:34:48","modified_gmt":"2023-11-23T05:34:48","slug":"lider-parlamentario-del-pri-pide-que-amlo-presente-un-verdadero-un-verdadero-plan-para-el-rescate-de-acapulco","status":"publish","type":"post","link":"https:\/\/www.interaccionnoticias.com.mx\/?p=71257","title":{"rendered":"L\u00edder parlamentario del PRI pide que AMLO presente un verdadero un verdadero plan para el rescate de Acapulco"},"content":{"rendered":"\n<p><strong><em>&#8212; \u201cHasta el momento, lo que hay es solo un cat\u00e1logo de buenas intenciones\u201d, se\u00f1ala H\u00e9ctor Apreza Patr\u00f3n<\/em><\/strong><\/p>\n\n\n\n<p><strong>Rogelio Agust\u00edn<\/strong><\/p>\n\n\n\n<p>El coordinador del Grupo Parlamentario del PRI en el Congreso local, H\u00e9ctor Apreza Patr\u00f3n se pronunci\u00f3 a favor de que este jueves, el presidente de la Rep\u00fablica presente un verdadero Plan de Rescate para Acapulco y Coyuca de Ben\u00edtez, pues lo que hay hasta el momento es solo \u201cun cat\u00e1logo de buenas intenciones\u201d.<\/p>\n\n\n\n<p>V\u00eda telef\u00f3nica, el tambi\u00e9n secretario de la Junta de Coordinaci\u00f3n Pol\u00edtica (JUCOPO) del Congreso de Guerrero salud\u00f3 el hecho de que el titular del Poder Ejecutivo Federal est\u00e9 la jornada del jueves en el puerto de Acapulco.<\/p>\n\n\n\n<p>Apreza Patr\u00f3n, destac\u00f3 que hasta el momento no se ha conocido un verdadero plan de rescate para los municipios afectados por el hurac\u00e1n Otis.<\/p>\n\n\n\n<p>El legislador indic\u00f3: \u201cLo que hemos escuchado es un catalogo de buenas intenciones, espero sinceramente que el presidente de la Rep\u00fablica pueda presentar un programa institucional de atenci\u00f3n y recuperaci\u00f3n de Acapulco, porque no es solo con buenas intenciones como se resuelven los problemas\u201d.<\/p>\n\n\n\n<p>Reiter\u00f3 el planteamiento que ha dado a conocer en d\u00edas pasados, en el sentido de que perder Acapulco es perder Guerrero, en tanto que perder Guerrero es generar inestabilidad para todo el pa\u00eds.<\/p>\n\n\n\n<p>Apreza manifest\u00f3 que de manera evidente, desde que el hurac\u00e1n toc\u00f3 tierra en Guerrero se ha focalizado mucho la atenci\u00f3n en municipios como Coyuva de Ben\u00edtez y Acapulco, pero se est\u00e1 dejando de lado los efectos negativos que el fen\u00f3meno natural ha provocado en otros municipios de la entidad, como San Miguel Totolapan, Ajuchitl\u00e1n del Progreso y Atoyac de Alvarez, donde grupos de productores del campo han planteado que se les atienda.<\/p>\n\n\n\n<p>Record\u00f3 que en Acapulco viv\u00eda mucha ente que trabaja o estudiaba y que de sus ingresos dependen muchas familias de otras regiones, como la Monta\u00f1a, Tierra Caliente o Costa Chica.<\/p>\n\n\n\n<p>Con la devastaci\u00f3n muchos perdieron sus fuentes de empleo, por eso es que se debe ver m\u00e1s all\u00e1 de los municipios directamente afectados y se debe pensar tambi\u00e9n en los que de manera indirecta est\u00e1n perjudicados.<\/p>\n\n\n\n<p>Por eso insisti\u00f3 en que la estrategia de recuperaci\u00f3n debe ser integral.<\/p>\n","protected":false},"excerpt":{"rendered":"<p>&#8212; \u201cHasta el momento, lo que hay es solo un cat\u00e1logo de buenas intenciones\u201d, se\u00f1ala H\u00e9ctor Apreza Patr\u00f3n Rogelio Agust\u00edn El coordinador del Grupo Parlamentario del PRI en el Congreso&hellip; <\/p>\n","protected":false},"author":21,"featured_media":71258,"comment_status":"open","ping_status":"open","sticky":false,"template":"","format":"standard","meta":{"fifu_image_url":"","fifu_image_alt":"","footnotes":""},"categories":[2],"tags":[],"class_list":["post-71257","post","type-post","status-publish","format-standard","has-post-thumbnail","hentry","category-congreso"],"_links":{"self":[{"href":"https:\/\/www.interaccionnoticias.com.mx\/index.php?rest_route=\/wp\/v2\/posts\/71257","targetHints":{"allow":["GET"]}}],"collection":[{"href":"https:\/\/www.interaccionnoticias.com.mx\/index.php?rest_route=\/wp\/v2\/posts"}],"about":[{"href":"https:\/\/www.interaccionnoticias.com.mx\/index.php?rest_route=\/wp\/v2\/types\/post"}],"author":[{"embeddable":true,"href":"https:\/\/www.interaccionnoticias.com.mx\/index.php?rest_route=\/wp\/v2\/users\/21"}],"replies":[{"embeddable":true,"href":"https:\/\/www.interaccionnoticias.com.mx\/index.php?rest_route=%2Fwp%2Fv2%2Fcomments&post=71257"}],"version-history":[{"count":1,"href":"https:\/\/www.interaccionnoticias.com.mx\/index.php?rest_route=\/wp\/v2\/posts\/71257\/revisions"}],"predecessor-version":[{"id":71259,"href":"https:\/\/www.interaccionnoticias.com.mx\/index.php?rest_route=\/wp\/v2\/posts\/71257\/revisions\/71259"}],"wp:featuredmedia":[{"embeddable":true,"href":"https:\/\/www.interaccionnoticias.com.mx\/index.php?rest_route=\/wp\/v2\/media\/71258"}],"wp:attachment":[{"href":"https:\/\/www.interaccionnoticias.com.mx\/index.php?rest_route=%2Fwp%2Fv2%2Fmedia&parent=71257"}],"wp:term":[{"taxonomy":"category","embeddable":true,"href":"https:\/\/www.interaccionnoticias.com.mx\/index.php?rest_route=%2Fwp%2Fv2%2Fcategories&post=71257"},{"taxonomy":"post_tag","embeddable":true,"href":"https:\/\/www.interaccionnoticias.com.mx\/index.php?rest_route=%2Fwp%2Fv2%2Ftags&post=71257"}],"curies":[{"name":"wp","href":"https:\/\/api.w.org\/{rel}","templated":true}]}}